{"id":2666,"date":"2016-08-05T18:55:55","date_gmt":"2016-08-05T16:55:55","guid":{"rendered":"https:\/\/www.sc-essingen.de\/?p=2666"},"modified":"2016-09-20T08:50:02","modified_gmt":"2016-09-20T06:50:02","slug":"bergtour-in-den-ammergauer-alpen","status":"publish","type":"post","link":"https:\/\/www.sc-essingen.de\/?p=2666","title":{"rendered":"Bergtour in den Ammergauer Alpen am 3.9.2016"},"content":{"rendered":"<p>Nachdem wir jetzt alle schon einige Touren hinter uns haben und entsprechend gut trainiert sind, k\u00f6nnen wir eine etwas anspruchsvollere Bergwanderung unternehmen.<\/p>\n<p>Am Samstag den 3. September geht es auf die <strong>Gro\u00dfe Klammspitze (1924m<\/strong>) in den Ammergauer Alpen.<!--more--><\/p>\n<p>Startpunkt ist der Parkplatz am Schloss Linderhof. Nach etwa 1,5 Std erreichen wir das Brunnenkopfhaus. Der Gipfelanstieg ist eine Bergtour mit unschwierigen Schrofenklettereien am S\u00fcdgrad und einer leichten Kletterstelle (I) im Gipfelbereich. Trittsicherheit und Schwindelfreiheit sind erforderlich. Wir gehen den gleichen Weg auch wieder zur\u00fcck.<\/p>\n<p>Aufstieg etwa 3 Std (1050 H\u00f6henmeter).<\/p>\n<p>Abstieg etwa 2,5 Std mit Einkehrm\u00f6glichkeit am Brunnenkopfhaus<\/p>\n<p>Wir bilden wie immer Fahrgemeinschaften und treffen uns um 6:30 am Feuerwehrhaus<\/p>\n<p>Anmeldungen bitte an Bernhard Naderer:<\/p>\n<p style=\"padding-left: 30px;\">Tel.: 07365-1432 oder<br \/>\nMobil.: 0172-8375592<\/p>\n<p>Die Tour findet nat\u00fcrlich nur bei gutem Wetter statt.<\/p>\n<hr style=\"background: #ccc; height: 1px;\" \/>\n<p><strong>Haftungsausschluss:<\/strong>\u00a0Jede bergsportliche Unternehmung ist mit Risiken verbunden, die sich nicht vollst\u00e4ndig ausschlie\u00dfen lassen. Die Teilnahme an derartigen Vereinsaktivit\u00e4ten erfolgt ausschlie\u00dflich auf eigene Gefahr und Verantwortung des Teilnehmers. Jeder Teilnehmer anerkennt durch seine Teilnahme diesen Haftungsausschluss gegen\u00fcber dem Verein, dessen Organen und dessen Mitgliedern.<br \/>\nDies gilt nicht f\u00fcr Unf\u00e4lle, die durch grobe Fahrl\u00e4ssigkeit oder Vorsatz verursacht werden.<\/p>\n","protected":false},"excerpt":{"rendered":"<p>Nachdem wir jetzt alle schon einige Touren hinter uns haben und entsprechend gut trainiert sind, k\u00f6nnen wir eine etwas anspruchsvollere Bergwanderung unternehmen. Am Samstag den 3. September geht es auf die Gro\u00dfe Klammspitze (1924m) in den Ammergauer Alpen.<\/p>\n","protected":false},"author":1,"featured_media":1818,"comment_status":"closed","ping_status":"closed","sticky":false,"template":"","format":"standard","meta":[],"categories":[13,7],"tags":[],"_links":{"self":[{"href":"https:\/\/www.sc-essingen.de\/index.php?rest_route=\/wp\/v2\/posts\/2666"}],"collection":[{"href":"https:\/\/www.sc-essingen.de\/index.php?rest_route=\/wp\/v2\/posts"}],"about":[{"href":"https:\/\/www.sc-essingen.de\/index.php?rest_route=\/wp\/v2\/types\/post"}],"author":[{"embeddable":true,"href":"https:\/\/www.sc-essingen.de\/index.php?rest_route=\/wp\/v2\/users\/1"}],"replies":[{"embeddable":true,"href":"https:\/\/www.sc-essingen.de\/index.php?rest_route=%2Fwp%2Fv2%2Fcomments&post=2666"}],"version-history":[{"count":5,"href":"https:\/\/www.sc-essingen.de\/index.php?rest_route=\/wp\/v2\/posts\/2666\/revisions"}],"predecessor-version":[{"id":2696,"href":"https:\/\/www.sc-essingen.de\/index.php?rest_route=\/wp\/v2\/posts\/2666\/revisions\/2696"}],"wp:featuredmedia":[{"embeddable":true,"href":"https:\/\/www.sc-essingen.de\/index.php?rest_route=\/wp\/v2\/media\/1818"}],"wp:attachment":[{"href":"https:\/\/www.sc-essingen.de\/index.php?rest_route=%2Fwp%2Fv2%2Fmedia&parent=2666"}],"wp:term":[{"taxonomy":"category","embeddable":true,"href":"https:\/\/www.sc-essingen.de\/index.php?rest_route=%2Fwp%2Fv2%2Fcategories&post=2666"},{"taxonomy":"post_tag","embeddable":true,"href":"https:\/\/www.sc-essingen.de\/index.php?rest_route=%2Fwp%2Fv2%2Ftags&post=2666"}],"curies":[{"name":"wp","href":"https:\/\/api.w.org\/{rel}","templated":true}]}}