{"id":3845,"date":"2018-05-20T19:44:49","date_gmt":"2018-05-20T17:44:49","guid":{"rendered":"https:\/\/www.sc-essingen.de\/?p=3845"},"modified":"2018-06-10T09:07:37","modified_gmt":"2018-06-10T07:07:37","slug":"dreitaegige-sce-radtour-2018","status":"publish","type":"post","link":"https:\/\/www.sc-essingen.de\/?p=3845","title":{"rendered":"Dreit\u00e4gige SCE-Radtour 2018"},"content":{"rendered":"<p class=\"bodytext\" style=\"line-height: 19.5pt;\"><span style=\"font-family: 'Arial','sans-serif';\">Auch wenn wir noch Winter haben, steht die kommende Radsaison vor der T\u00fcr und somit auch unsere traditionelle dreit\u00e4gige SCE-Radtour. Dieses Jahr hei\u00dft das Ziel <strong>Kressbronn am Bodensee<\/strong>. Gestartet wird am <strong>Freitag, den 8. Juni 2018<\/strong> in Essingen.<\/span><!--more--><\/p>\n<p class=\"bodytext\" style=\"line-height: 19.5pt;\"><span style=\"font-family: 'Arial','sans-serif';\"> \u00dcber <strong>Aalen<\/strong>, <strong>Heidenheim<\/strong> und <strong>Langenau<\/strong> geht es in die ehemalige Reichsstadt <strong>Ulm<\/strong> mit ihren Fachwerkbauten im Fischerviertel und dem himmelstrebenden M\u00fcnster. \u00dcbernachten werden wir beim <a href=\"http:\/\/www.barfuesser-brauhaus.de\/neuulm\/__Barf%C3%BC%C3%9Fer-die-Hausbrauerei-in-Neu-Ulm.html\" target=\"_blank\" rel=\"noopener\">\u201eBarf\u00fc\u00dfer\u201c in Neu-Ulm<\/a>, der Biergarten ist also nicht weit.<\/span><\/p>\n<p class=\"bodytext\" style=\"line-height: 19.5pt;\"><span style=\"font-family: 'Arial','sans-serif';\">Am zweiten Tag geht es auf guten Teerwegen in Richtung S\u00fcdwesten. Der kleine Fluss Ri\u00df nimmt uns \u00fcber <strong>Schemmerberg<\/strong> und <strong>Warthausen<\/strong> mit nach <strong>Biberach<\/strong>, das seine G\u00e4ste mit einem bildsch\u00f6nen Marktplatz-Ensemble verw\u00f6hnt. Die traditionsreiche Historienstadt liegt noch nicht lange hinter uns, da k\u00fcnden sich beim Durchqueren des Umlachtales auch schon die Doppelt\u00fcrme der Stiftskirche St. Peter das Moorheilbad <strong>Bad Waldsee<\/strong> an. Hier werden wir im Hotel <a href=\"https:\/\/www.baum-leben.de\/\" target=\"_blank\" rel=\"noopener\">\u201eGr\u00fcner Baum\u201c<\/a> unsere zweite Nacht verbringen.<\/span><\/p>\n<p class=\"bodytext\" style=\"line-height: 19.5pt;\"><span style=\"font-family: 'Arial','sans-serif';\">Der dritte Tag f\u00fchrt uns auf welligen Wegen nach <strong>Wangen<\/strong> im Allg\u00e4u. Durch das wildromantische Tal der Wolfegger Ach geht es zun\u00e4chst hinab nach Wolfegg und anschlie\u00dfend nach <strong>Ki\u00dflegg<\/strong>. Die Gro\u00dfe Kreisstadt Wangen ist bekannt f\u00fcr ihren denkmalgesch\u00fctzten Altstadtkern. Das historische Bild mit seinen bemalten T\u00fcrmen, den Brunnen und Barockfassaden wird schnell von einer ansprechenden Wiesenlandschaft abgel\u00f6st. Auf den letzten Kilometern f\u00fchrt die Fahrt durch ruhige D\u00f6rfer und gr\u00fcne Waldst\u00fccke, bis sich schlie\u00dflich das Terrain neigt und der Radfernweg, ges\u00e4umt von Obstkulturen, seinem Reiseziel dem Bodensee entgegen l\u00e4uft. Am <strong>Sonntag, den 10. Juni 2018<\/strong> werden wir am sp\u00e4teren Nachmittag von einem uns bekannten Busunternehmer mit professionellem Radanh\u00e4nger in <strong>Kressbronn<\/strong> abgeholt.<\/span><\/p>\n<p class=\"bodytext\" style=\"line-height: 19.5pt;\"><span style=\"font-family: 'Arial','sans-serif';\">Die Etappen betragen etwa <strong>80 km pro Tag<\/strong>. Auf mancher Etappe der Route ist etwas Muskelkraft und Sportsgeist gefragt. Diese Anstrengungen werden aber mit fantastischen Ausblicken belohnt. <strong>Grundkonditi<\/strong><strong>on<\/strong><em><strong> sollte<\/strong><\/em><strong> vorh<\/strong><strong>anden<\/strong><em><strong> und das Fahren in der Gruppe nicht unbekannt sein<\/strong>.<\/em><\/span><\/p>\n<p class=\"bodytext\" style=\"line-height: 19.5pt;\"><span style=\"font-family: 'Arial','sans-serif';\">Die Radausfahrt ist aus versicherungstechnischen Gr\u00fcnden nur f\u00fcr <strong>Mitglieder des Skiclub Essingen<\/strong> buchbar. <strong>Anmeldeschluss ist der 15. April<\/strong>. Bei einer eventuellen Absage der gebuchten und best\u00e4tigen Teilnahme innerhalb sechs Wochen vor Reisebeginn fallen f\u00fcr die Hotels Stornierungskosten an.<\/span><\/p>\n<p>&nbsp;<\/p>\n<p><form action=\"https:\/\/www.sc-essingen.de\/?page_id=168\" method=\"post\"><input type=\"hidden\" name=\"post_veranstaltung_id\" value=\"42\" \/><input id=\"input\" type=\"submit\" value=\"Anmeldung\" \/>  zur 3-Tages-Radtour 2018<\/form>\n<p>N\u00e4here Infos gibt es bei Josef Leyendecker; <a href=\"mailto:josef.leyendecker@gmx.de\">josef.leyendecker@gmx.de<\/a>; 0170 900 5685<\/p>\n","protected":false},"excerpt":{"rendered":"<p>Auch wenn wir noch Winter haben, steht die kommende Radsaison vor der T\u00fcr und somit auch unsere traditionelle dreit\u00e4gige SCE-Radtour. Dieses Jahr hei\u00dft das Ziel Kressbronn am Bodensee. Gestartet wird am Freitag, den 8. Juni 2018 in Essingen.<\/p>\n","protected":false},"author":25,"featured_media":2576,"comment_status":"closed","ping_status":"closed","sticky":false,"template":"","format":"standard","meta":[],"categories":[13,10],"tags":[],"_links":{"self":[{"href":"https:\/\/www.sc-essingen.de\/index.php?rest_route=\/wp\/v2\/posts\/3845"}],"collection":[{"href":"https:\/\/www.sc-essingen.de\/index.php?rest_route=\/wp\/v2\/posts"}],"about":[{"href":"https:\/\/www.sc-essingen.de\/index.php?rest_route=\/wp\/v2\/types\/post"}],"author":[{"embeddable":true,"href":"https:\/\/www.sc-essingen.de\/index.php?rest_route=\/wp\/v2\/users\/25"}],"replies":[{"embeddable":true,"href":"https:\/\/www.sc-essingen.de\/index.php?rest_route=%2Fwp%2Fv2%2Fcomments&post=3845"}],"version-history":[{"count":8,"href":"https:\/\/www.sc-essingen.de\/index.php?rest_route=\/wp\/v2\/posts\/3845\/revisions"}],"predecessor-version":[{"id":3980,"href":"https:\/\/www.sc-essingen.de\/index.php?rest_route=\/wp\/v2\/posts\/3845\/revisions\/3980"}],"wp:featuredmedia":[{"embeddable":true,"href":"https:\/\/www.sc-essingen.de\/index.php?rest_route=\/wp\/v2\/media\/2576"}],"wp:attachment":[{"href":"https:\/\/www.sc-essingen.de\/index.php?rest_route=%2Fwp%2Fv2%2Fmedia&parent=3845"}],"wp:term":[{"taxonomy":"category","embeddable":true,"href":"https:\/\/www.sc-essingen.de\/index.php?rest_route=%2Fwp%2Fv2%2Fcategories&post=3845"},{"taxonomy":"post_tag","embeddable":true,"href":"https:\/\/www.sc-essingen.de\/index.php?rest_route=%2Fwp%2Fv2%2Ftags&post=3845"}],"curies":[{"name":"wp","href":"https:\/\/api.w.org\/{rel}","templated":true}]}}