{"id":3957,"date":"2018-05-17T13:35:16","date_gmt":"2018-05-17T11:35:16","guid":{"rendered":"https:\/\/www.sc-essingen.de\/?p=3957"},"modified":"2018-06-05T17:13:04","modified_gmt":"2018-06-05T15:13:04","slug":"einradeltour-2","status":"publish","type":"post","link":"https:\/\/www.sc-essingen.de\/?p=3957","title":{"rendered":"Einradeltour"},"content":{"rendered":"<p>F\u00fcr die diesj\u00e4hrige SCE 3-Tages Radeltour haben sich 20 Teilnehmerinnen und Teilnehmer angemeldet.<\/p>\n<p>Zur obligatorischen \u201eEinradeltour\u201c laden wir hiermit alle Teilnehmerinnen und Teilnehmer f\u00fcr Sonntag, den <strong>27. Mai 2018<\/strong> ein. Treffpunkt ist um <strong>13:30 h<\/strong> an der <strong>Sch\u00f6nbrunnenhalle in Essingen<\/strong>.<!--more--><\/p>\n<p>Wir werden eine Strecke aus dem geplanten Essinger Radb\u00fcchle abradeln, Tour Nr 9: \u201eRund um Aalen\u201c. \u00dcber Aalen, R\u00f6thardt, Baiershofen, Bucher Stausee, H\u00fcttlingen, Wasseralfingen und Rohrwang werden wir die Rundtour in Essingen wieder beenden. Dabei werden wir bei sch\u00f6nem Wetter super Aussichten auf Ellwangen, die Kapfenburg und das westliche Ries und im weiteren Verlauf sehr viel Natur erleben. Einkehrm\u00f6glichkeiten zwischendurch wird es gen\u00fcgend geben.<\/p>\n","protected":false},"excerpt":{"rendered":"<p>F\u00fcr die diesj\u00e4hrige SCE 3-Tages Radeltour haben sich 20 Teilnehmerinnen und Teilnehmer angemeldet. Zur obligatorischen \u201eEinradeltour\u201c laden wir hiermit alle Teilnehmerinnen und Teilnehmer f\u00fcr Sonntag, den 27. Mai 2018 ein. Treffpunkt ist um 13:30 h an der Sch\u00f6nbrunnenhalle in Essingen.<\/p>\n","protected":false},"author":25,"featured_media":3963,"comment_status":"closed","ping_status":"closed","sticky":false,"template":"","format":"standard","meta":[],"categories":[13,10],"tags":[],"_links":{"self":[{"href":"https:\/\/www.sc-essingen.de\/index.php?rest_route=\/wp\/v2\/posts\/3957"}],"collection":[{"href":"https:\/\/www.sc-essingen.de\/index.php?rest_route=\/wp\/v2\/posts"}],"about":[{"href":"https:\/\/www.sc-essingen.de\/index.php?rest_route=\/wp\/v2\/types\/post"}],"author":[{"embeddable":true,"href":"https:\/\/www.sc-essingen.de\/index.php?rest_route=\/wp\/v2\/users\/25"}],"replies":[{"embeddable":true,"href":"https:\/\/www.sc-essingen.de\/index.php?rest_route=%2Fwp%2Fv2%2Fcomments&post=3957"}],"version-history":[{"count":2,"href":"https:\/\/www.sc-essingen.de\/index.php?rest_route=\/wp\/v2\/posts\/3957\/revisions"}],"predecessor-version":[{"id":3959,"href":"https:\/\/www.sc-essingen.de\/index.php?rest_route=\/wp\/v2\/posts\/3957\/revisions\/3959"}],"wp:featuredmedia":[{"embeddable":true,"href":"https:\/\/www.sc-essingen.de\/index.php?rest_route=\/wp\/v2\/media\/3963"}],"wp:attachment":[{"href":"https:\/\/www.sc-essingen.de\/index.php?rest_route=%2Fwp%2Fv2%2Fmedia&parent=3957"}],"wp:term":[{"taxonomy":"category","embeddable":true,"href":"https:\/\/www.sc-essingen.de\/index.php?rest_route=%2Fwp%2Fv2%2Fcategories&post=3957"},{"taxonomy":"post_tag","embeddable":true,"href":"https:\/\/www.sc-essingen.de\/index.php?rest_route=%2Fwp%2Fv2%2Ftags&post=3957"}],"curies":[{"name":"wp","href":"https:\/\/api.w.org\/{rel}","templated":true}]}}