{"id":3960,"date":"2018-05-17T13:13:26","date_gmt":"2018-05-17T11:13:26","guid":{"rendered":"https:\/\/www.sc-essingen.de\/?p=3960"},"modified":"2018-08-27T10:25:22","modified_gmt":"2018-08-27T08:25:22","slug":"neues-radlertrikot-fuer-den-sce","status":"publish","type":"post","link":"https:\/\/www.sc-essingen.de\/?p=3960","title":{"rendered":"Neues Radlertrikot f\u00fcr den SCE"},"content":{"rendered":"<p>Der Skiclub Essingen wird anl\u00e4sslich seines 25-j\u00e4hrigen Bestehens in 2019 ein neues Radlertrikot in Auftrag geben. Dieses ist in einer legeren Form und in den Grundfarben Rot \/ Wei\u00df mit schwarzer Schrift geplant. F\u00fcr Damen und Herren sind jeweils optimale Schnittformen verf\u00fcgbar.<!--more--><\/p>\n<p>Bestellungen werden ab sofort von Josef angenommen. An den Freitagen, bis einschlie\u00dflich 01. Juni 2018, k\u00f6nnen Mustertrikots zwecks Gr\u00f6\u00dfenwahl in der Sch\u00f6nbrunnenhalle, jeweils zwischen 19.40 h und 20:00 h anprobiert werden.<\/p>\n<p>Bestellungen k\u00f6nne bis Ende Juli 2018 abgegeben werden.<br \/>\nN\u00e4here Infos bei: <a href=\"mailto:josef.leyendecker@gmx.de\">josef.leyendecker@gmx.de<\/a><\/p>\n","protected":false},"excerpt":{"rendered":"<p>Der Skiclub Essingen wird anl\u00e4sslich seines 25-j\u00e4hrigen Bestehens in 2019 ein neues Radlertrikot in Auftrag geben. Dieses ist in einer legeren Form und in den Grundfarben Rot \/ Wei\u00df mit schwarzer Schrift geplant. F\u00fcr Damen und Herren sind jeweils optimale Schnittformen verf\u00fcgbar.<\/p>\n","protected":false},"author":25,"featured_media":3966,"comment_status":"closed","ping_status":"closed","sticky":false,"template":"","format":"standard","meta":[],"categories":[13,26],"tags":[],"_links":{"self":[{"href":"https:\/\/www.sc-essingen.de\/index.php?rest_route=\/wp\/v2\/posts\/3960"}],"collection":[{"href":"https:\/\/www.sc-essingen.de\/index.php?rest_route=\/wp\/v2\/posts"}],"about":[{"href":"https:\/\/www.sc-essingen.de\/index.php?rest_route=\/wp\/v2\/types\/post"}],"author":[{"embeddable":true,"href":"https:\/\/www.sc-essingen.de\/index.php?rest_route=\/wp\/v2\/users\/25"}],"replies":[{"embeddable":true,"href":"https:\/\/www.sc-essingen.de\/index.php?rest_route=%2Fwp%2Fv2%2Fcomments&post=3960"}],"version-history":[{"count":3,"href":"https:\/\/www.sc-essingen.de\/index.php?rest_route=\/wp\/v2\/posts\/3960\/revisions"}],"predecessor-version":[{"id":3983,"href":"https:\/\/www.sc-essingen.de\/index.php?rest_route=\/wp\/v2\/posts\/3960\/revisions\/3983"}],"wp:featuredmedia":[{"embeddable":true,"href":"https:\/\/www.sc-essingen.de\/index.php?rest_route=\/wp\/v2\/media\/3966"}],"wp:attachment":[{"href":"https:\/\/www.sc-essingen.de\/index.php?rest_route=%2Fwp%2Fv2%2Fmedia&parent=3960"}],"wp:term":[{"taxonomy":"category","embeddable":true,"href":"https:\/\/www.sc-essingen.de\/index.php?rest_route=%2Fwp%2Fv2%2Fcategories&post=3960"},{"taxonomy":"post_tag","embeddable":true,"href":"https:\/\/www.sc-essingen.de\/index.php?rest_route=%2Fwp%2Fv2%2Ftags&post=3960"}],"curies":[{"name":"wp","href":"https:\/\/api.w.org\/{rel}","templated":true}]}}