{"id":4870,"date":"2019-11-19T09:39:30","date_gmt":"2019-11-19T07:39:30","guid":{"rendered":"https:\/\/www.sc-essingen.de\/?p=4870"},"modified":"2019-11-24T16:56:22","modified_gmt":"2019-11-24T14:56:22","slug":"kletteraktion-2019","status":"publish","type":"post","link":"https:\/\/www.sc-essingen.de\/?p=4870","title":{"rendered":"Kletteraktion 2019"},"content":{"rendered":"\n<p>Im Rahmen unseres diesj\u00e4hrigen Sommerprogrammes gehen wir zum Klettern in die <a rel=\"noreferrer noopener\" href=\"http:\/\/www.kletterhalle-aalen.de\/\" target=\"_blank\">Reiner-Schwebel-Halle<\/a> nach Aalen.<\/p>\n\n\n\n<p>Wir treffen uns am Sonntag den <strong>24.11.2019<\/strong> um <strong>9:30 Uhr beim Feuerwehrhaus in Essingen<\/strong> und fahren dann nach Bildung von Fahrgemeinschaften nach Aalen.<\/p>\n\n\n\n<!--more-->\n\n\n\n<p><strong>Mindestalter f\u00fcr die Teilnahme ist 10 Jahre<\/strong>.<br>Nach Anmeldung wird dann die Einverst\u00e4ndniserkl\u00e4rung der DAV-       Kletterhalle verschickt, die dann unterschrieben zur\u00fcckgegeben werden muss. <\/p>\n\n\n\n<p>Hallengeb\u00fchr, Leihgeb\u00fchr f\u00fcr Klettergurte und Schuhe sind f\u00fcr die       Teilnehmer <strong>kostenlos<\/strong>.  Gurte und Schuhe k\u00f6nnen vor Ort geliehen werden. <\/p>\n\n\n<p><form action=\"https:\/\/www.sc-essingen.de\/?page_id=168\" method=\"post\"><input type=\"hidden\" name=\"post_veranstaltung_id\" value=\"56\" \/><input id=\"input\" type=\"submit\" value=\"Anmeldung\" \/>  zur Kletteraktion 2019<\/form>\n\n\n\n<p>Weitere Infos bei Heike Traub &#8211; <a href=\"mailto:heike.traub@sc-essingen.de\">heike.traub@sc-essingen.de<\/a>  oder<br>telefonisch unter 07361\/8169112 <\/p>\n","protected":false},"excerpt":{"rendered":"<p>Im Rahmen unseres diesj\u00e4hrigen Sommerprogrammes gehen wir zum Klettern in die Reiner-Schwebel-Halle nach Aalen. Wir treffen uns am Sonntag den 24.11.2019 um 9:30 Uhr beim Feuerwehrhaus in Essingen und fahren dann nach Bildung von Fahrgemeinschaften nach Aalen.<\/p>\n","protected":false},"author":9,"featured_media":4872,"comment_status":"closed","ping_status":"closed","sticky":false,"template":"","format":"standard","meta":[],"categories":[11,13],"tags":[],"_links":{"self":[{"href":"https:\/\/www.sc-essingen.de\/index.php?rest_route=\/wp\/v2\/posts\/4870"}],"collection":[{"href":"https:\/\/www.sc-essingen.de\/index.php?rest_route=\/wp\/v2\/posts"}],"about":[{"href":"https:\/\/www.sc-essingen.de\/index.php?rest_route=\/wp\/v2\/types\/post"}],"author":[{"embeddable":true,"href":"https:\/\/www.sc-essingen.de\/index.php?rest_route=\/wp\/v2\/users\/9"}],"replies":[{"embeddable":true,"href":"https:\/\/www.sc-essingen.de\/index.php?rest_route=%2Fwp%2Fv2%2Fcomments&post=4870"}],"version-history":[{"count":5,"href":"https:\/\/www.sc-essingen.de\/index.php?rest_route=\/wp\/v2\/posts\/4870\/revisions"}],"predecessor-version":[{"id":4878,"href":"https:\/\/www.sc-essingen.de\/index.php?rest_route=\/wp\/v2\/posts\/4870\/revisions\/4878"}],"wp:featuredmedia":[{"embeddable":true,"href":"https:\/\/www.sc-essingen.de\/index.php?rest_route=\/wp\/v2\/media\/4872"}],"wp:attachment":[{"href":"https:\/\/www.sc-essingen.de\/index.php?rest_route=%2Fwp%2Fv2%2Fmedia&parent=4870"}],"wp:term":[{"taxonomy":"category","embeddable":true,"href":"https:\/\/www.sc-essingen.de\/index.php?rest_route=%2Fwp%2Fv2%2Fcategories&post=4870"},{"taxonomy":"post_tag","embeddable":true,"href":"https:\/\/www.sc-essingen.de\/index.php?rest_route=%2Fwp%2Fv2%2Ftags&post=4870"}],"curies":[{"name":"wp","href":"https:\/\/api.w.org\/{rel}","templated":true}]}}