{"id":6044,"date":"2022-04-24T18:23:09","date_gmt":"2022-04-24T16:23:09","guid":{"rendered":"https:\/\/www.sc-essingen.de\/?p=6044"},"modified":"2022-06-09T09:24:11","modified_gmt":"2022-06-09T07:24:11","slug":"neuer-starttermin-beim-sce-mittwochsradtreff","status":"publish","type":"post","link":"https:\/\/www.sc-essingen.de\/?p=6044","title":{"rendered":"Neuer Starttermin beim SCE-Mittwochsradtreff!"},"content":{"rendered":"\n<p>Ab Mittwoch den 4. Mai 2022 starten die Mittwochs-Radlerinnen und -Radler wieder um 18:00 Uhr. Damit wird auch den berufst\u00e4tigen Vereinsmitgliedern erm\u00f6glicht, an unseren beliebten Radtreffs teilzunehmen.<br>Bei dieser Gruppe k\u00f6nnen Radlerinnen und Radler mit und ohne Elektroantrieb &nbsp;teilnehmen.<\/p>\n\n\n\n<p>Die beiden SCE-Dienstagsradtreffs (Pedelec-Gruppe und Bio-Gruppe) werden weiterhin um 17:00 Uhr starten.<\/p>\n\n\n\n<p>Treffpunkt ist wie bisher das Feuerwehrger\u00e4tehaus in Essingen.<\/p>\n\n\n\n<p>Der Skiclub Essingen w\u00fcnscht allen Radlerinnen und Radlern eine sch\u00f6ne und vor allem unfallfreie Radsaison.<\/p>\n","protected":false},"excerpt":{"rendered":"<p>Ab Mittwoch den 4. Mai 2022 starten die Mittwochs-Radlerinnen und -Radler wieder um 18:00 Uhr. Damit wird auch den berufst\u00e4tigen Vereinsmitgliedern erm\u00f6glicht, an unseren beliebten Radtreffs teilzunehmen.Bei dieser Gruppe k\u00f6nnen Radlerinnen und Radler mit und ohne Elektroantrieb &nbsp;teilnehmen. Die beiden SCE-Dienstagsradtreffs (Pedelec-Gruppe und Bio-Gruppe) werden weiterhin um 17:00 Uhr starten. Treffpunkt ist wie bisher das [&hellip;]<\/p>\n","protected":false},"author":1,"featured_media":4558,"comment_status":"closed","ping_status":"closed","sticky":false,"template":"","format":"standard","meta":[],"categories":[13,26],"tags":[],"_links":{"self":[{"href":"https:\/\/www.sc-essingen.de\/index.php?rest_route=\/wp\/v2\/posts\/6044"}],"collection":[{"href":"https:\/\/www.sc-essingen.de\/index.php?rest_route=\/wp\/v2\/posts"}],"about":[{"href":"https:\/\/www.sc-essingen.de\/index.php?rest_route=\/wp\/v2\/types\/post"}],"author":[{"embeddable":true,"href":"https:\/\/www.sc-essingen.de\/index.php?rest_route=\/wp\/v2\/users\/1"}],"replies":[{"embeddable":true,"href":"https:\/\/www.sc-essingen.de\/index.php?rest_route=%2Fwp%2Fv2%2Fcomments&post=6044"}],"version-history":[{"count":4,"href":"https:\/\/www.sc-essingen.de\/index.php?rest_route=\/wp\/v2\/posts\/6044\/revisions"}],"predecessor-version":[{"id":6065,"href":"https:\/\/www.sc-essingen.de\/index.php?rest_route=\/wp\/v2\/posts\/6044\/revisions\/6065"}],"wp:featuredmedia":[{"embeddable":true,"href":"https:\/\/www.sc-essingen.de\/index.php?rest_route=\/wp\/v2\/media\/4558"}],"wp:attachment":[{"href":"https:\/\/www.sc-essingen.de\/index.php?rest_route=%2Fwp%2Fv2%2Fmedia&parent=6044"}],"wp:term":[{"taxonomy":"category","embeddable":true,"href":"https:\/\/www.sc-essingen.de\/index.php?rest_route=%2Fwp%2Fv2%2Fcategories&post=6044"},{"taxonomy":"post_tag","embeddable":true,"href":"https:\/\/www.sc-essingen.de\/index.php?rest_route=%2Fwp%2Fv2%2Ftags&post=6044"}],"curies":[{"name":"wp","href":"https:\/\/api.w.org\/{rel}","templated":true}]}}