{"id":6215,"date":"2022-11-05T10:59:38","date_gmt":"2022-11-05T08:59:38","guid":{"rendered":"https:\/\/www.sc-essingen.de\/?p=6215"},"modified":"2023-10-23T10:00:38","modified_gmt":"2023-10-23T08:00:38","slug":"schdubai-dreiazwanzig-20-23-04-2023","status":"publish","type":"post","link":"https:\/\/www.sc-essingen.de\/?p=6215","title":{"rendered":"Schdubai DREIAZWANZIG 20. &#8211; 23.04.2023"},"content":{"rendered":"\n<h3>Saisonabschluss<\/h3>\n\n\n\n<p>Zum Achtzehnten Mal sind wir zu Gast auf der <strong><a rel=\"noreferrer noopener\" href=\"http:\/\/www.dresdnerhuette.at\/\" target=\"_blank\">Dresdner H\u00fctte<\/a><\/strong> in 2308 m Seeh\u00f6he.<\/p>\n\n\n\n<p>Die Gondel bringt uns zur Mittelstation, von dort aus sind es noch ca. 7 \u2013 10 Minuten zu Fu\u00df bis zu unserem Quartier. Unsere Unterkunft wird direkt \u00fcber die \u201eGamsgartenabfahrt\u201c angefahren.<br>Deshalb k\u00f6nnen wir bequem vom Fr\u00fchst\u00fcck auf die <a rel=\"noreferrer noopener\" href=\"http:\/\/www.stubaier-gletscher.com\/ger\/Winter\/Skigebiet\/Pisten-Anlagen\/Pistenplan\/Pistenplan-in-2D\" target=\"_blank\">Piste<\/a> und abends bis zur \u201eH\u00fctte\u201c abfahren, wo uns schon das eine oder andere Mal die sonnige Abendterrasse zum Verweilen einlud. Also kein Stress in dreieinhalb Tagen Fr\u00fchjahresskilauf.<a href=\"https:\/\/www.sc-essingen.de\/neschp\/wp-content\/uploads\/2018\/11\/stubai2018-1.jpg\"><\/a><\/p>\n\n\n\n<h3>Leistungen<\/h3>\n\n\n\n<p>3 x Halbpension ( Fr\u00fchst\u00fccksbuffett und 4 G\u00e4nge-Abendmen\u00fc)<br>3 1\/2 Tages-Skipass<\/p>\n\n\n\n<h3>Termin<\/h3>\n\n\n\n<p><strong>Do. 20. bis So. 23. April 2023 ( Platz f\u00fcr 24 Personen)<\/strong><\/p>\n\n\n\n<figure class=\"wp-block-gallery columns-1 is-cropped\"><ul class=\"blocks-gallery-grid\"><li class=\"blocks-gallery-item\"><figure><img loading=\"lazy\" width=\"1920\" height=\"1288\" src=\"https:\/\/www.sc-essingen.de\/neschp\/wp-content\/uploads\/2018\/11\/stubai2018-3.jpg\" alt=\"\" data-id=\"4195\" class=\"wp-image-4195\" srcset=\"https:\/\/www.sc-essingen.de\/neschp\/wp-content\/uploads\/2018\/11\/stubai2018-3.jpg 1920w, https:\/\/www.sc-essingen.de\/neschp\/wp-content\/uploads\/2018\/11\/stubai2018-3-150x101.jpg 150w, https:\/\/www.sc-essingen.de\/neschp\/wp-content\/uploads\/2018\/11\/stubai2018-3-300x201.jpg 300w, https:\/\/www.sc-essingen.de\/neschp\/wp-content\/uploads\/2018\/11\/stubai2018-3-768x515.jpg 768w, https:\/\/www.sc-essingen.de\/neschp\/wp-content\/uploads\/2018\/11\/stubai2018-3-1024x687.jpg 1024w, https:\/\/www.sc-essingen.de\/neschp\/wp-content\/uploads\/2018\/11\/stubai2018-3-750x503.jpg 750w\" sizes=\"(max-width: 1920px) 100vw, 1920px\" \/><\/figure><\/li><\/ul><\/figure>\n\n\n\n<h3>Abfahrt<\/h3>\n\n\n\n<p><strong>20. April 2023 um 6:40 Uhr<\/strong> in Fahrgemeinschaften<\/p>\n\n\n\n<h3><strong>R\u00fcckfahrt <\/strong><\/h3>\n\n\n\n<p><strong>23. April 2<\/strong>023 ca. 15 Uhr<\/p>\n\n\n\n<h3>Kosten<\/h3>\n\n\n\n<p>3 1\/2 Tage f\u00fcr Erwachsene&nbsp; 340,00 \u20ac<br>3 1\/2 Tage f\u00fcr Jugendliche&nbsp;&nbsp; 285,00 \u20ac<\/p>\n\n\n\n<p>Kosten f\u00fcr die Fahrt, wie Sprit und Maut, werden separat in den Fahrgemeinschaften abgerechnet.<\/p>\n\n\n\n<h3>Info<\/h3>\n\n\n\n<p>Volkmar M\u00fcller      volkmar.mueller@sc-essingen.de<\/p>\n\n\n<p><form action=\"https:\/\/www.sc-essingen.de\/?page_id=168\" method=\"post\"><input type=\"hidden\" name=\"post_veranstaltung_id\" value=\"77\" \/><input id=\"input\" type=\"submit\" value=\"Anmeldung\" \/>  zur Stubaier-Gletscher-Skiausfahrt<\/form>\n\n\n\n<figure class=\"wp-block-gallery columns-1 is-cropped\"><ul class=\"blocks-gallery-grid\"><li class=\"blocks-gallery-item\"><figure><img loading=\"lazy\" width=\"1920\" height=\"1109\" src=\"https:\/\/www.sc-essingen.de\/neschp\/wp-content\/uploads\/2018\/11\/stubai2018-2.jpg\" alt=\"\" data-id=\"4194\" class=\"wp-image-4194\" srcset=\"https:\/\/www.sc-essingen.de\/neschp\/wp-content\/uploads\/2018\/11\/stubai2018-2.jpg 1920w, https:\/\/www.sc-essingen.de\/neschp\/wp-content\/uploads\/2018\/11\/stubai2018-2-150x87.jpg 150w, https:\/\/www.sc-essingen.de\/neschp\/wp-content\/uploads\/2018\/11\/stubai2018-2-300x173.jpg 300w, https:\/\/www.sc-essingen.de\/neschp\/wp-content\/uploads\/2018\/11\/stubai2018-2-768x444.jpg 768w, https:\/\/www.sc-essingen.de\/neschp\/wp-content\/uploads\/2018\/11\/stubai2018-2-1024x591.jpg 1024w, https:\/\/www.sc-essingen.de\/neschp\/wp-content\/uploads\/2018\/11\/stubai2018-2-750x433.jpg 750w\" sizes=\"(max-width: 1920px) 100vw, 1920px\" \/><\/figure><\/li><\/ul><\/figure>\n\n\n\n<figure class=\"wp-block-gallery columns-1 is-cropped\"><ul class=\"blocks-gallery-grid\"><li class=\"blocks-gallery-item\"><figure><img loading=\"lazy\" width=\"1024\" height=\"768\" src=\"https:\/\/www.sc-essingen.de\/neschp\/wp-content\/uploads\/2019\/11\/IMG_20190412_103040_077-1024x768.jpg\" alt=\"\" data-id=\"4959\" class=\"wp-image-4959\" srcset=\"https:\/\/www.sc-essingen.de\/neschp\/wp-content\/uploads\/2019\/11\/IMG_20190412_103040_077-1024x768.jpg 1024w, https:\/\/www.sc-essingen.de\/neschp\/wp-content\/uploads\/2019\/11\/IMG_20190412_103040_077-150x113.jpg 150w, https:\/\/www.sc-essingen.de\/neschp\/wp-content\/uploads\/2019\/11\/IMG_20190412_103040_077-300x225.jpg 300w, https:\/\/www.sc-essingen.de\/neschp\/wp-content\/uploads\/2019\/11\/IMG_20190412_103040_077-768x576.jpg 768w, https:\/\/www.sc-essingen.de\/neschp\/wp-content\/uploads\/2019\/11\/IMG_20190412_103040_077-750x563.jpg 750w\" sizes=\"(max-width: 1024px) 100vw, 1024px\" \/><\/figure><\/li><\/ul><\/figure>\n\n\n\n<p><\/p>\n","protected":false},"excerpt":{"rendered":"<p>Saisonabschluss Zum Achtzehnten Mal sind wir zu Gast auf der Dresdner H\u00fctte in 2308 m Seeh\u00f6he. Die Gondel bringt uns zur Mittelstation, von dort aus sind es noch ca. 7 \u2013 10 Minuten zu Fu\u00df bis zu unserem Quartier. Unsere Unterkunft wird direkt \u00fcber die \u201eGamsgartenabfahrt\u201c angefahren.Deshalb k\u00f6nnen wir bequem vom Fr\u00fchst\u00fcck auf die Piste [&hellip;]<\/p>\n","protected":false},"author":1,"featured_media":4192,"comment_status":"closed","ping_status":"closed","sticky":false,"template":"","format":"standard","meta":[],"categories":[4,13],"tags":[],"_links":{"self":[{"href":"https:\/\/www.sc-essingen.de\/index.php?rest_route=\/wp\/v2\/posts\/6215"}],"collection":[{"href":"https:\/\/www.sc-essingen.de\/index.php?rest_route=\/wp\/v2\/posts"}],"about":[{"href":"https:\/\/www.sc-essingen.de\/index.php?rest_route=\/wp\/v2\/types\/post"}],"author":[{"embeddable":true,"href":"https:\/\/www.sc-essingen.de\/index.php?rest_route=\/wp\/v2\/users\/1"}],"replies":[{"embeddable":true,"href":"https:\/\/www.sc-essingen.de\/index.php?rest_route=%2Fwp%2Fv2%2Fcomments&post=6215"}],"version-history":[{"count":6,"href":"https:\/\/www.sc-essingen.de\/index.php?rest_route=\/wp\/v2\/posts\/6215\/revisions"}],"predecessor-version":[{"id":6259,"href":"https:\/\/www.sc-essingen.de\/index.php?rest_route=\/wp\/v2\/posts\/6215\/revisions\/6259"}],"wp:featuredmedia":[{"embeddable":true,"href":"https:\/\/www.sc-essingen.de\/index.php?rest_route=\/wp\/v2\/media\/4192"}],"wp:attachment":[{"href":"https:\/\/www.sc-essingen.de\/index.php?rest_route=%2Fwp%2Fv2%2Fmedia&parent=6215"}],"wp:term":[{"taxonomy":"category","embeddable":true,"href":"https:\/\/www.sc-essingen.de\/index.php?rest_route=%2Fwp%2Fv2%2Fcategories&post=6215"},{"taxonomy":"post_tag","embeddable":true,"href":"https:\/\/www.sc-essingen.de\/index.php?rest_route=%2Fwp%2Fv2%2Ftags&post=6215"}],"curies":[{"name":"wp","href":"https:\/\/api.w.org\/{rel}","templated":true}]}}