{"id":64,"date":"2014-04-10T12:26:46","date_gmt":"2014-04-10T10:26:46","guid":{"rendered":"https:\/\/www.sc-essingen.de\/neschp\/?p=64"},"modified":"2014-12-07T09:27:00","modified_gmt":"2014-12-07T07:27:00","slug":"nordic-walking-treff","status":"publish","type":"post","link":"https:\/\/www.sc-essingen.de\/?p=64","title":{"rendered":"Nordic-Walking-Treff"},"content":{"rendered":"<p>Nordic-Walking nimmt seit Jahren bei den Aktivit\u00e4ten des Skiclubs Essingen einen besonderen Stellenwert ein. Diese gesunde Sportart wird durch ausgebildete \u00dcbungsleiter vermittelt und bei den w\u00f6chentlichen Treffs auch begleitet. Wir lassen sie mit ihren zwei St\u00f6cken nicht alleine und NordicWalking ist wahrlich mehr als mit St\u00f6cken spazieren zu gehen. Dies alles geschieht auf drei zertifizierten Laufstrecken im Nordic-Aktiv-Zentrum Ostalb. Start und Ziel der Strecken liegen auf dem Theu\u00dfenberg.<\/p>\n<p>. . . w\u00e4hrend der\u00a0&#8220;\u00a0Sommerzeit&#8220; \u00a0treffen wir uns\u00a0 zweimal die Woche!!<\/p>\n<p>Samstags um 17:30 Uhr<br \/>\nMittwochs um 18.30 Uhr<\/p>\n<p>Treffpunkt ist der Parkplatz Theu\u00dfenberg.<\/p>\n<p><span style=\"font-size: 13px; line-height: 24px;\">Infos:\u00a0 Heike Traub 07361-8169112 bzw. 0179\/7968028.<\/span><\/p>\n<p>&nbsp;<\/p>\n","protected":false},"excerpt":{"rendered":"<p>Nordic-Walking nimmt seit Jahren bei den Aktivit\u00e4ten des Skiclubs Essingen einen besonderen Stellenwert ein. Diese gesunde Sportart wird durch ausgebildete \u00dcbungsleiter vermittelt und bei den w\u00f6chentlichen Treffs auch begleitet. Wir lassen sie mit ihren zwei St\u00f6cken nicht alleine und NordicWalking ist wahrlich mehr als mit St\u00f6cken spazieren zu gehen. Dies alles geschieht auf drei zertifizierten [&hellip;]<\/p>\n","protected":false},"author":3,"featured_media":134,"comment_status":"closed","ping_status":"closed","sticky":false,"template":"","format":"standard","meta":[],"categories":[13],"tags":[],"_links":{"self":[{"href":"https:\/\/www.sc-essingen.de\/index.php?rest_route=\/wp\/v2\/posts\/64"}],"collection":[{"href":"https:\/\/www.sc-essingen.de\/index.php?rest_route=\/wp\/v2\/posts"}],"about":[{"href":"https:\/\/www.sc-essingen.de\/index.php?rest_route=\/wp\/v2\/types\/post"}],"author":[{"embeddable":true,"href":"https:\/\/www.sc-essingen.de\/index.php?rest_route=\/wp\/v2\/users\/3"}],"replies":[{"embeddable":true,"href":"https:\/\/www.sc-essingen.de\/index.php?rest_route=%2Fwp%2Fv2%2Fcomments&post=64"}],"version-history":[{"count":4,"href":"https:\/\/www.sc-essingen.de\/index.php?rest_route=\/wp\/v2\/posts\/64\/revisions"}],"predecessor-version":[{"id":381,"href":"https:\/\/www.sc-essingen.de\/index.php?rest_route=\/wp\/v2\/posts\/64\/revisions\/381"}],"wp:featuredmedia":[{"embeddable":true,"href":"https:\/\/www.sc-essingen.de\/index.php?rest_route=\/wp\/v2\/media\/134"}],"wp:attachment":[{"href":"https:\/\/www.sc-essingen.de\/index.php?rest_route=%2Fwp%2Fv2%2Fmedia&parent=64"}],"wp:term":[{"taxonomy":"category","embeddable":true,"href":"https:\/\/www.sc-essingen.de\/index.php?rest_route=%2Fwp%2Fv2%2Fcategories&post=64"},{"taxonomy":"post_tag","embeddable":true,"href":"https:\/\/www.sc-essingen.de\/index.php?rest_route=%2Fwp%2Fv2%2Ftags&post=64"}],"curies":[{"name":"wp","href":"https:\/\/api.w.org\/{rel}","templated":true}]}}