{"id":6564,"date":"2023-08-29T16:18:00","date_gmt":"2023-08-29T14:18:00","guid":{"rendered":"https:\/\/www.sc-essingen.de\/?p=6564"},"modified":"2023-10-09T14:12:48","modified_gmt":"2023-10-09T12:12:48","slug":"spass-im-skyline-park-rammingen","status":"publish","type":"post","link":"https:\/\/www.sc-essingen.de\/?p=6564","title":{"rendered":"Spa\u00df im Skyline Park Rammingen"},"content":{"rendered":"\n<p>Am <strong>Samstag, 23.09.2023<\/strong> geht\u00b4s f\u00fcr uns in den <a href=\"https:\/\/www.skylinepark.de\" data-type=\"URL\" data-id=\"https:\/\/www.skylinepark.de\" target=\"_blank\" rel=\"noreferrer noopener\">Skyline Park Rammingen<\/a>. Dort werden wir den Tag in Kleingruppen verbringen und den Park erkunden. Der Skyline Park ist Bayerns gr\u00f6\u00dfter Freizeitpark und bietet Spa\u00df f\u00fcr jedes Alter.<\/p>\n\n\n\n<p>Im Preis enthalten ist die Fahrt zum Park in Fahrgemeinschaften und der Eintritt in den Freizeitpark. Vesper &amp; Getr\u00e4nke sollten selbst mitgebracht werden.<\/p>\n\n\n\n<p><strong>Preise<\/strong>:&nbsp;&nbsp;&nbsp;&nbsp;&nbsp;&nbsp;&nbsp;&nbsp;&nbsp;&nbsp;&nbsp;&nbsp;&nbsp;&nbsp;&nbsp;&nbsp; Mitglieder bis 1,50 m: 27\u20ac&nbsp;&nbsp;&nbsp;&nbsp;&nbsp;&nbsp;&nbsp;&nbsp;&nbsp;&nbsp;&nbsp;&nbsp;&nbsp;&nbsp;&nbsp;&nbsp;&nbsp;&nbsp;&nbsp;&nbsp;&nbsp;&nbsp;&nbsp;&nbsp; Nicht-Mitglieder bis 1,50 m: 47\u20ac<br>&nbsp;&nbsp;&nbsp;&nbsp;&nbsp;&nbsp;&nbsp;&nbsp;&nbsp;&nbsp;&nbsp;&nbsp;&nbsp;&nbsp;&nbsp;&nbsp;&nbsp;&nbsp;&nbsp;&nbsp;&nbsp;&nbsp;&nbsp;&nbsp;&nbsp;&nbsp;&nbsp; Mitglieder ab 1,50 m: 34\u20ac&nbsp;&nbsp;&nbsp;&nbsp;&nbsp;&nbsp;&nbsp;&nbsp;&nbsp;&nbsp;&nbsp;&nbsp;&nbsp;&nbsp;&nbsp;&nbsp;&nbsp;&nbsp;&nbsp;&nbsp;&nbsp;&nbsp;&nbsp;&nbsp;&nbsp; Nicht-Mitglieder ab 1,50m: 54\u20ac<\/p>\n\n\n\n<p>Kinder bis 12 Jahren d\u00fcrfen ausschlie\u00dflich in Begleitung eines Erwachsenen teilnehmen.<\/p>\n\n\n\n<p><strong>Abfahrt<\/strong>:&nbsp;&nbsp;&nbsp;&nbsp;&nbsp;&nbsp;&nbsp;&nbsp;&nbsp;&nbsp;&nbsp;&nbsp;&nbsp;&nbsp; Sch\u00f6nbrunnenhalle: 7:30 Uhr<br>&nbsp;&nbsp;&nbsp;&nbsp;&nbsp;&nbsp;&nbsp;&nbsp;&nbsp;&nbsp;&nbsp;&nbsp;&nbsp;&nbsp;&nbsp;&nbsp;&nbsp;&nbsp;&nbsp;&nbsp;&nbsp;&nbsp;&nbsp;&nbsp;&nbsp;&nbsp;&nbsp;&nbsp;A7 P&amp;R Ebnat: 8:00 Uhr<br>&nbsp;&nbsp;&nbsp;&nbsp;&nbsp;&nbsp;&nbsp;&nbsp;&nbsp;&nbsp;&nbsp;&nbsp;&nbsp;&nbsp;&nbsp;&nbsp;&nbsp;&nbsp;&nbsp;&nbsp;&nbsp;&nbsp;&nbsp;&nbsp;&nbsp;&nbsp;&nbsp;&nbsp;A7 P&amp;R Ulm: 8:45 Uhr <\/p>\n\n\n\n<p><strong>Organisation<\/strong>: Annika Huber (annika.huber@sc-essingen)<\/p>\n\n\n<p><form action=\"https:\/\/www.sc-essingen.de\/?page_id=168\" method=\"post\"><input type=\"hidden\" name=\"post_veranstaltung_id\" value=\"81\" \/><input id=\"input\" type=\"submit\" value=\"Anmeldung\" \/>  zum Skyline Park Rammingen<\/form>\n","protected":false},"excerpt":{"rendered":"<p>Am Samstag, 23.09.2023 geht\u00b4s f\u00fcr uns in den Skyline Park Rammingen. Dort werden wir den Tag in Kleingruppen verbringen und den Park erkunden. Der Skyline Park ist Bayerns gr\u00f6\u00dfter Freizeitpark und bietet Spa\u00df f\u00fcr jedes Alter. Im Preis enthalten ist die Fahrt zum Park in Fahrgemeinschaften und der Eintritt in den Freizeitpark. Vesper &amp; Getr\u00e4nke [&hellip;]<\/p>\n","protected":false},"author":29,"featured_media":6572,"comment_status":"closed","ping_status":"closed","sticky":false,"template":"","format":"standard","meta":[],"categories":[4,11,13],"tags":[],"_links":{"self":[{"href":"https:\/\/www.sc-essingen.de\/index.php?rest_route=\/wp\/v2\/posts\/6564"}],"collection":[{"href":"https:\/\/www.sc-essingen.de\/index.php?rest_route=\/wp\/v2\/posts"}],"about":[{"href":"https:\/\/www.sc-essingen.de\/index.php?rest_route=\/wp\/v2\/types\/post"}],"author":[{"embeddable":true,"href":"https:\/\/www.sc-essingen.de\/index.php?rest_route=\/wp\/v2\/users\/29"}],"replies":[{"embeddable":true,"href":"https:\/\/www.sc-essingen.de\/index.php?rest_route=%2Fwp%2Fv2%2Fcomments&post=6564"}],"version-history":[{"count":4,"href":"https:\/\/www.sc-essingen.de\/index.php?rest_route=\/wp\/v2\/posts\/6564\/revisions"}],"predecessor-version":[{"id":6576,"href":"https:\/\/www.sc-essingen.de\/index.php?rest_route=\/wp\/v2\/posts\/6564\/revisions\/6576"}],"wp:featuredmedia":[{"embeddable":true,"href":"https:\/\/www.sc-essingen.de\/index.php?rest_route=\/wp\/v2\/media\/6572"}],"wp:attachment":[{"href":"https:\/\/www.sc-essingen.de\/index.php?rest_route=%2Fwp%2Fv2%2Fmedia&parent=6564"}],"wp:term":[{"taxonomy":"category","embeddable":true,"href":"https:\/\/www.sc-essingen.de\/index.php?rest_route=%2Fwp%2Fv2%2Fcategories&post=6564"},{"taxonomy":"post_tag","embeddable":true,"href":"https:\/\/www.sc-essingen.de\/index.php?rest_route=%2Fwp%2Fv2%2Ftags&post=6564"}],"curies":[{"name":"wp","href":"https:\/\/api.w.org\/{rel}","templated":true}]}}