{"id":6591,"date":"2023-06-29T18:32:43","date_gmt":"2023-06-29T16:32:43","guid":{"rendered":"https:\/\/www.sc-essingen.de\/?p=6591"},"modified":"2023-07-30T14:47:16","modified_gmt":"2023-07-30T12:47:16","slug":"leichte-bergtour-auf-den-reuttener-hahnenkamm","status":"publish","type":"post","link":"https:\/\/www.sc-essingen.de\/?p=6591","title":{"rendered":"Leichte Bergtour auf den Reuttener Hahnenkamm"},"content":{"rendered":"\n<p><em>&#8222;Eine wundersch\u00f6ne, stressfreie Wanderung \u00fcber die Lechaschauer Alm zum Gipfel des Hahnenkamms&#8220;<\/em>, so beschreibt ein Tourenf\u00fchrer unsere n\u00e4chste Bergtour am 29.07.2023. <\/p>\n\n\n\n<p>Von der Talstation der Reuttener Seilbahnen in H\u00f6fen auf 930m wandern wir n\u00f6rdlich \u00fcber eine kleine Br\u00fccke zum Ortsteil Holz und weiter bis zum Leimbach. Weiter folgen wir dem Sommerweg zur Gehrenalm, den wir zwar immer wieder queren, aber einem kleinen, schattigen Aufstiegspfad im Wald folgen. Nach der Querung eines Tobels kommt auch schon die Lechaschauer Alm auf 1670m in Sicht. Dort st\u00e4rken wir uns erst, bevor es vollends hinauf auf den Gipfel des Hahnenkamms auf 1970m geht. Hier haben wir eine phantastische Sicht, nach Osten auf die Bergwelt um die Zugspitze, nach S\u00fcden in die Lechtaler Alpen und nach Westen liegt uns das ganze Tannheimer Tal zu F\u00fc\u00dfen. <\/p>\n\n\n\n<p>Der Aufstieg \u00fcber rund 1000 H\u00f6henmeter wird unsere Ausdauer fordern. Deshalb lassen wir uns nach einem kurzen Abstieg knieschonend von der Bergbahn zur\u00fcck ins Tal und zu unseren Autos bringen. <\/p>\n\n\n\n<p>Zur\u00fcck in Essingen, werden wir diesen sch\u00f6nen Tag beim Gartenfest des Skiclub im Garten von Ernst Bauer ausklingen lassen. <\/p>\n\n\n\n<p>Die Abfahrt in <strong>Fahrgemeinschaften<\/strong> wird an der <strong>Sch\u00f6nbrunnenhalle um 6:30 Uhr<\/strong> sein. <\/p>\n\n\n\n<p>Bitte meldet euch bei Helmut Ilzh\u00f6fer telefonisch (Tel. 6332) oder per Mail (<a href=\"mailto:mail@helmut-ilzhoefer.de\">mail@helmut-ilzhoefer.de<\/a>) an.<\/p>\n\n\n\n<figure class=\"wp-block-gallery aligncenter columns-1 is-cropped\"><ul class=\"blocks-gallery-grid\"><li class=\"blocks-gallery-item\"><figure><img loading=\"lazy\" width=\"1024\" height=\"498\" src=\"https:\/\/www.sc-essingen.de\/neschp\/wp-content\/uploads\/2023\/06\/20220913_121809-1024x498.jpg\" alt=\"\" data-id=\"6594\" data-full-url=\"https:\/\/www.sc-essingen.de\/neschp\/wp-content\/uploads\/2023\/06\/20220913_121809-scaled.jpg\" data-link=\"https:\/\/www.sc-essingen.de\/?attachment_id=6594\" class=\"wp-image-6594\" srcset=\"https:\/\/www.sc-essingen.de\/neschp\/wp-content\/uploads\/2023\/06\/20220913_121809-1024x498.jpg 1024w, https:\/\/www.sc-essingen.de\/neschp\/wp-content\/uploads\/2023\/06\/20220913_121809-300x146.jpg 300w, https:\/\/www.sc-essingen.de\/neschp\/wp-content\/uploads\/2023\/06\/20220913_121809-150x73.jpg 150w, https:\/\/www.sc-essingen.de\/neschp\/wp-content\/uploads\/2023\/06\/20220913_121809-768x373.jpg 768w, https:\/\/www.sc-essingen.de\/neschp\/wp-content\/uploads\/2023\/06\/20220913_121809-1536x747.jpg 1536w, https:\/\/www.sc-essingen.de\/neschp\/wp-content\/uploads\/2023\/06\/20220913_121809-2048x996.jpg 2048w, https:\/\/www.sc-essingen.de\/neschp\/wp-content\/uploads\/2023\/06\/20220913_121809-750x365.jpg 750w\" sizes=\"(max-width: 1024px) 100vw, 1024px\" \/><\/figure><\/li><li class=\"blocks-gallery-item\"><figure><img loading=\"lazy\" width=\"1024\" height=\"498\" src=\"https:\/\/www.sc-essingen.de\/neschp\/wp-content\/uploads\/2023\/06\/20220913_112249-1024x498.jpg\" alt=\"\" data-id=\"6592\" data-full-url=\"https:\/\/www.sc-essingen.de\/neschp\/wp-content\/uploads\/2023\/06\/20220913_112249-scaled.jpg\" data-link=\"https:\/\/www.sc-essingen.de\/?attachment_id=6592\" class=\"wp-image-6592\" srcset=\"https:\/\/www.sc-essingen.de\/neschp\/wp-content\/uploads\/2023\/06\/20220913_112249-1024x498.jpg 1024w, https:\/\/www.sc-essingen.de\/neschp\/wp-content\/uploads\/2023\/06\/20220913_112249-300x146.jpg 300w, https:\/\/www.sc-essingen.de\/neschp\/wp-content\/uploads\/2023\/06\/20220913_112249-150x73.jpg 150w, https:\/\/www.sc-essingen.de\/neschp\/wp-content\/uploads\/2023\/06\/20220913_112249-768x373.jpg 768w, https:\/\/www.sc-essingen.de\/neschp\/wp-content\/uploads\/2023\/06\/20220913_112249-1536x747.jpg 1536w, https:\/\/www.sc-essingen.de\/neschp\/wp-content\/uploads\/2023\/06\/20220913_112249-2048x996.jpg 2048w, https:\/\/www.sc-essingen.de\/neschp\/wp-content\/uploads\/2023\/06\/20220913_112249-750x365.jpg 750w\" sizes=\"(max-width: 1024px) 100vw, 1024px\" \/><\/figure><\/li><\/ul><\/figure>\n","protected":false},"excerpt":{"rendered":"<p>&#8222;Eine wundersch\u00f6ne, stressfreie Wanderung \u00fcber die Lechaschauer Alm zum Gipfel des Hahnenkamms&#8220;, so beschreibt ein Tourenf\u00fchrer unsere n\u00e4chste Bergtour am 29.07.2023. Von der Talstation der Reuttener Seilbahnen in H\u00f6fen auf 930m wandern wir n\u00f6rdlich \u00fcber eine kleine Br\u00fccke zum Ortsteil Holz und weiter bis zum Leimbach. Weiter folgen wir dem Sommerweg zur Gehrenalm, den wir [&hellip;]<\/p>\n","protected":false},"author":16,"featured_media":6593,"comment_status":"closed","ping_status":"closed","sticky":false,"template":"","format":"standard","meta":[],"categories":[13,7],"tags":[],"_links":{"self":[{"href":"https:\/\/www.sc-essingen.de\/index.php?rest_route=\/wp\/v2\/posts\/6591"}],"collection":[{"href":"https:\/\/www.sc-essingen.de\/index.php?rest_route=\/wp\/v2\/posts"}],"about":[{"href":"https:\/\/www.sc-essingen.de\/index.php?rest_route=\/wp\/v2\/types\/post"}],"author":[{"embeddable":true,"href":"https:\/\/www.sc-essingen.de\/index.php?rest_route=\/wp\/v2\/users\/16"}],"replies":[{"embeddable":true,"href":"https:\/\/www.sc-essingen.de\/index.php?rest_route=%2Fwp%2Fv2%2Fcomments&post=6591"}],"version-history":[{"count":2,"href":"https:\/\/www.sc-essingen.de\/index.php?rest_route=\/wp\/v2\/posts\/6591\/revisions"}],"predecessor-version":[{"id":6596,"href":"https:\/\/www.sc-essingen.de\/index.php?rest_route=\/wp\/v2\/posts\/6591\/revisions\/6596"}],"wp:featuredmedia":[{"embeddable":true,"href":"https:\/\/www.sc-essingen.de\/index.php?rest_route=\/wp\/v2\/media\/6593"}],"wp:attachment":[{"href":"https:\/\/www.sc-essingen.de\/index.php?rest_route=%2Fwp%2Fv2%2Fmedia&parent=6591"}],"wp:term":[{"taxonomy":"category","embeddable":true,"href":"https:\/\/www.sc-essingen.de\/index.php?rest_route=%2Fwp%2Fv2%2Fcategories&post=6591"},{"taxonomy":"post_tag","embeddable":true,"href":"https:\/\/www.sc-essingen.de\/index.php?rest_route=%2Fwp%2Fv2%2Ftags&post=6591"}],"curies":[{"name":"wp","href":"https:\/\/api.w.org\/{rel}","templated":true}]}}