{"id":6598,"date":"2023-06-30T18:06:02","date_gmt":"2023-06-30T16:06:02","guid":{"rendered":"https:\/\/www.sc-essingen.de\/?p=6598"},"modified":"2023-06-30T18:07:22","modified_gmt":"2023-06-30T16:07:22","slug":"mit-den-raedern-auf-der-muensinger-alb","status":"publish","type":"post","link":"https:\/\/www.sc-essingen.de\/?p=6598","title":{"rendered":"Mit den R\u00e4dern auf der M\u00fcnsinger Alb"},"content":{"rendered":"\n<p>Zur traditionellen SCE Mehrtages Radtour machten sich Ende Juni 19 Radlerinnen und Radler mit ihren roten Vereinsshirts auf den Weg zum Biosph\u00e4rengebiet Schw\u00e4bische Alb (ehemaliger Truppen\u00fcbungsplatz M\u00fcnsingen).<\/p>\n\n\n\n<p>Bei gutem Radlerwetter ging es von Essingen aus \u00fcber den Albuch nach Altheim und zum Tagesziel Westerheim bei Laichingen. Den Regenradar auf Grund der Wettervorhersage st\u00e4ndig im Blick, wurde das Ziel trocken erreicht. <\/p>\n\n\n\n<p>Der zweite Tag stand im Zeichen des Naturerlebnisses im Biosph\u00e4rengebiet. Das verlassene Dorf Gruorn mit Kapelle und das interessante Museum im ehemaligen Schulgeb\u00e4ude, waren sehr informativ. Vom Turm Hursch, beziehungsweise von der Aussichtsplattform G\u00e4nsewag, konnte das Umland betrachtet werden. Leider war die Sicht zu den Alpen bedingt durch das diesige Wetter etwas eingeschr\u00e4nkt. <\/p>\n\n\n\n<p>Auf dem Weg zum zweiten Tagesziel, Obermarchtal, war im imposanten Tal der gro\u00dfen Lauter Genussradeln angesagt. Die Klosterkirchen von Obermarchtal und Zwiefalten beeindruckten durch ihren s\u00fcddeutschen Barock. <\/p>\n\n\n\n<p>Auf dem weiteren Weg bis Neu-Ulm, dem dritten \u00dcbernachtungsort, war die Donau ein st\u00e4ndiger Begleiter. Der Erbacher Badesee mit seiner Infrastruktur lud zu einem kulinarischen Stopp ein. Einige nutzten die Gelegenheit f\u00fcr ein erfrischendes Bad, wenn man bei 25\u00b0C Wassertemperatur von Erfrischung reden kann. <\/p>\n\n\n\n<p>Den letzten gemeinsamen Abend genoss die Gruppe bei sommerlichen Temperaturen im umtriebigen Neu-Ulm, beziehungsweise Ulm, mit all seiner Au\u00dfengastronomie. <\/p>\n\n\n\n<p>Am vierten und letzten Tag ging es dann \u00fcber Heidenheim wieder zur\u00fcck nach Essingen. Ohne jegliche Panne und ohne Regen kamen alle wieder gesund und bester Stimmung zu Hause an.<\/p>\n","protected":false},"excerpt":{"rendered":"<p>Zur traditionellen SCE Mehrtages Radtour machten sich Ende Juni 19 Radlerinnen und Radler mit ihren roten Vereinsshirts auf den Weg zum Biosph\u00e4rengebiet Schw\u00e4bische Alb (ehemaliger Truppen\u00fcbungsplatz M\u00fcnsingen). Bei gutem Radlerwetter ging es von Essingen aus \u00fcber den Albuch nach Altheim und zum Tagesziel Westerheim bei Laichingen. Den Regenradar auf Grund der Wettervorhersage st\u00e4ndig im Blick, [&hellip;]<\/p>\n","protected":false},"author":25,"featured_media":6599,"comment_status":"closed","ping_status":"closed","sticky":false,"template":"","format":"standard","meta":[],"categories":[10,9],"tags":[],"_links":{"self":[{"href":"https:\/\/www.sc-essingen.de\/index.php?rest_route=\/wp\/v2\/posts\/6598"}],"collection":[{"href":"https:\/\/www.sc-essingen.de\/index.php?rest_route=\/wp\/v2\/posts"}],"about":[{"href":"https:\/\/www.sc-essingen.de\/index.php?rest_route=\/wp\/v2\/types\/post"}],"author":[{"embeddable":true,"href":"https:\/\/www.sc-essingen.de\/index.php?rest_route=\/wp\/v2\/users\/25"}],"replies":[{"embeddable":true,"href":"https:\/\/www.sc-essingen.de\/index.php?rest_route=%2Fwp%2Fv2%2Fcomments&post=6598"}],"version-history":[{"count":1,"href":"https:\/\/www.sc-essingen.de\/index.php?rest_route=\/wp\/v2\/posts\/6598\/revisions"}],"predecessor-version":[{"id":6600,"href":"https:\/\/www.sc-essingen.de\/index.php?rest_route=\/wp\/v2\/posts\/6598\/revisions\/6600"}],"wp:featuredmedia":[{"embeddable":true,"href":"https:\/\/www.sc-essingen.de\/index.php?rest_route=\/wp\/v2\/media\/6599"}],"wp:attachment":[{"href":"https:\/\/www.sc-essingen.de\/index.php?rest_route=%2Fwp%2Fv2%2Fmedia&parent=6598"}],"wp:term":[{"taxonomy":"category","embeddable":true,"href":"https:\/\/www.sc-essingen.de\/index.php?rest_route=%2Fwp%2Fv2%2Fcategories&post=6598"},{"taxonomy":"post_tag","embeddable":true,"href":"https:\/\/www.sc-essingen.de\/index.php?rest_route=%2Fwp%2Fv2%2Ftags&post=6598"}],"curies":[{"name":"wp","href":"https:\/\/api.w.org\/{rel}","templated":true}]}}