{"id":6726,"date":"2023-08-30T08:41:20","date_gmt":"2023-08-30T06:41:20","guid":{"rendered":"https:\/\/www.sc-essingen.de\/?p=6726"},"modified":"2023-10-21T13:06:15","modified_gmt":"2023-10-21T11:06:15","slug":"ferienprogramm-der-skizwerge","status":"publish","type":"post","link":"https:\/\/www.sc-essingen.de\/?p=6726","title":{"rendered":"<strong>Ferienprogramm der Skizwerge<\/strong>"},"content":{"rendered":"\n<p><br>Auch in den Sommerferien trafen sich die Skizwerge zum gemeinsamen Spielen und Toben. <\/p>\n\n\n\n<p>Los ging es am 22.08.23 gemeinsam mit Eltern und Gro\u00dfeltern am Parkplatz an der Steige. Zun\u00e4chst kamen vor allem die Erwachsenen bei sommerlicher Hitze beim Fu\u00dfmarsch aufs K\u00f6pfle ins Schwitzen. Doch auch die Kinder waren unterwegs bei einer Balance Station gefordert.<br>Beim K\u00f6pfle angekommen wartete nicht nur der sch\u00f6ne Spielplatz, sondern auch eine Rollenbahn auf die Skizwerge.<br>Abschlie\u00dfend gab es noch ein leckeres Grillvesper f\u00fcr alle.<br>Vielen Dank an alle Teilnehmerinnen und Teilnehmer f\u00fcr den sch\u00f6nen Nachmittag und an alle Helfer, die das Ferienprogramm erm\u00f6glicht haben.<\/p>\n\n\n\n<p><br>Das Eltern-Kind-Turnen startet wieder am 19.09.23. Neueinsteiger sind jederzeit willkommen.<\/p>\n\n\n\n<figure class=\"wp-block-image size-large\"><img loading=\"lazy\" width=\"1024\" height=\"576\" src=\"https:\/\/www.sc-essingen.de\/neschp\/wp-content\/uploads\/2023\/08\/Skizwerge_Ferien_3-1-1024x576.jpg\" alt=\"\" class=\"wp-image-6733\" srcset=\"https:\/\/www.sc-essingen.de\/neschp\/wp-content\/uploads\/2023\/08\/Skizwerge_Ferien_3-1-1024x576.jpg 1024w, https:\/\/www.sc-essingen.de\/neschp\/wp-content\/uploads\/2023\/08\/Skizwerge_Ferien_3-1-300x169.jpg 300w, https:\/\/www.sc-essingen.de\/neschp\/wp-content\/uploads\/2023\/08\/Skizwerge_Ferien_3-1-150x84.jpg 150w, https:\/\/www.sc-essingen.de\/neschp\/wp-content\/uploads\/2023\/08\/Skizwerge_Ferien_3-1-768x432.jpg 768w, https:\/\/www.sc-essingen.de\/neschp\/wp-content\/uploads\/2023\/08\/Skizwerge_Ferien_3-1-1536x864.jpg 1536w, https:\/\/www.sc-essingen.de\/neschp\/wp-content\/uploads\/2023\/08\/Skizwerge_Ferien_3-1-2048x1152.jpg 2048w, https:\/\/www.sc-essingen.de\/neschp\/wp-content\/uploads\/2023\/08\/Skizwerge_Ferien_3-1-750x422.jpg 750w\" sizes=\"(max-width: 1024px) 100vw, 1024px\" \/><\/figure>\n\n\n\n<figure class=\"wp-block-image size-large\"><img loading=\"lazy\" width=\"1024\" height=\"576\" src=\"https:\/\/www.sc-essingen.de\/neschp\/wp-content\/uploads\/2023\/08\/Skizwerge_Ferien_2-1-1024x576.jpg\" alt=\"\" class=\"wp-image-6734\" srcset=\"https:\/\/www.sc-essingen.de\/neschp\/wp-content\/uploads\/2023\/08\/Skizwerge_Ferien_2-1-1024x576.jpg 1024w, https:\/\/www.sc-essingen.de\/neschp\/wp-content\/uploads\/2023\/08\/Skizwerge_Ferien_2-1-300x169.jpg 300w, https:\/\/www.sc-essingen.de\/neschp\/wp-content\/uploads\/2023\/08\/Skizwerge_Ferien_2-1-150x84.jpg 150w, https:\/\/www.sc-essingen.de\/neschp\/wp-content\/uploads\/2023\/08\/Skizwerge_Ferien_2-1-768x432.jpg 768w, https:\/\/www.sc-essingen.de\/neschp\/wp-content\/uploads\/2023\/08\/Skizwerge_Ferien_2-1-1536x864.jpg 1536w, https:\/\/www.sc-essingen.de\/neschp\/wp-content\/uploads\/2023\/08\/Skizwerge_Ferien_2-1-2048x1152.jpg 2048w, https:\/\/www.sc-essingen.de\/neschp\/wp-content\/uploads\/2023\/08\/Skizwerge_Ferien_2-1-750x422.jpg 750w\" sizes=\"(max-width: 1024px) 100vw, 1024px\" \/><\/figure>\n\n\n\n<figure class=\"wp-block-image size-large\"><img loading=\"lazy\" width=\"1024\" height=\"576\" src=\"https:\/\/www.sc-essingen.de\/neschp\/wp-content\/uploads\/2023\/08\/Skizwerge_Ferien_4-2-1024x576.jpg\" alt=\"\" class=\"wp-image-6735\" srcset=\"https:\/\/www.sc-essingen.de\/neschp\/wp-content\/uploads\/2023\/08\/Skizwerge_Ferien_4-2-1024x576.jpg 1024w, https:\/\/www.sc-essingen.de\/neschp\/wp-content\/uploads\/2023\/08\/Skizwerge_Ferien_4-2-300x169.jpg 300w, https:\/\/www.sc-essingen.de\/neschp\/wp-content\/uploads\/2023\/08\/Skizwerge_Ferien_4-2-150x84.jpg 150w, https:\/\/www.sc-essingen.de\/neschp\/wp-content\/uploads\/2023\/08\/Skizwerge_Ferien_4-2-768x432.jpg 768w, https:\/\/www.sc-essingen.de\/neschp\/wp-content\/uploads\/2023\/08\/Skizwerge_Ferien_4-2-1536x864.jpg 1536w, https:\/\/www.sc-essingen.de\/neschp\/wp-content\/uploads\/2023\/08\/Skizwerge_Ferien_4-2-750x422.jpg 750w, https:\/\/www.sc-essingen.de\/neschp\/wp-content\/uploads\/2023\/08\/Skizwerge_Ferien_4-2.jpg 1920w\" sizes=\"(max-width: 1024px) 100vw, 1024px\" \/><\/figure>\n","protected":false},"excerpt":{"rendered":"<p>Auch in den Sommerferien trafen sich die Skizwerge zum gemeinsamen Spielen und Toben. Los ging es am 22.08.23 gemeinsam mit Eltern und Gro\u00dfeltern am Parkplatz an der Steige. Zun\u00e4chst kamen vor allem die Erwachsenen bei sommerlicher Hitze beim Fu\u00dfmarsch aufs K\u00f6pfle ins Schwitzen. Doch auch die Kinder waren unterwegs bei einer Balance Station gefordert.Beim K\u00f6pfle [&hellip;]<\/p>\n","protected":false},"author":31,"featured_media":6728,"comment_status":"closed","ping_status":"closed","sticky":false,"template":"","format":"standard","meta":[],"categories":[9],"tags":[],"_links":{"self":[{"href":"https:\/\/www.sc-essingen.de\/index.php?rest_route=\/wp\/v2\/posts\/6726"}],"collection":[{"href":"https:\/\/www.sc-essingen.de\/index.php?rest_route=\/wp\/v2\/posts"}],"about":[{"href":"https:\/\/www.sc-essingen.de\/index.php?rest_route=\/wp\/v2\/types\/post"}],"author":[{"embeddable":true,"href":"https:\/\/www.sc-essingen.de\/index.php?rest_route=\/wp\/v2\/users\/31"}],"replies":[{"embeddable":true,"href":"https:\/\/www.sc-essingen.de\/index.php?rest_route=%2Fwp%2Fv2%2Fcomments&post=6726"}],"version-history":[{"count":3,"href":"https:\/\/www.sc-essingen.de\/index.php?rest_route=\/wp\/v2\/posts\/6726\/revisions"}],"predecessor-version":[{"id":6737,"href":"https:\/\/www.sc-essingen.de\/index.php?rest_route=\/wp\/v2\/posts\/6726\/revisions\/6737"}],"wp:featuredmedia":[{"embeddable":true,"href":"https:\/\/www.sc-essingen.de\/index.php?rest_route=\/wp\/v2\/media\/6728"}],"wp:attachment":[{"href":"https:\/\/www.sc-essingen.de\/index.php?rest_route=%2Fwp%2Fv2%2Fmedia&parent=6726"}],"wp:term":[{"taxonomy":"category","embeddable":true,"href":"https:\/\/www.sc-essingen.de\/index.php?rest_route=%2Fwp%2Fv2%2Fcategories&post=6726"},{"taxonomy":"post_tag","embeddable":true,"href":"https:\/\/www.sc-essingen.de\/index.php?rest_route=%2Fwp%2Fv2%2Ftags&post=6726"}],"curies":[{"name":"wp","href":"https:\/\/api.w.org\/{rel}","templated":true}]}}