{"id":7872,"date":"2025-03-18T20:33:29","date_gmt":"2025-03-18T18:33:29","guid":{"rendered":"https:\/\/www.sc-essingen.de\/?p=7872"},"modified":"2025-03-18T21:27:07","modified_gmt":"2025-03-18T19:27:07","slug":"leinen-los-fuer-den-sce-rennstall","status":"publish","type":"post","link":"https:\/\/www.sc-essingen.de\/?p=7872","title":{"rendered":"Leinen los f\u00fcr den SCE-Rennstall"},"content":{"rendered":"\n<h2><strong>Riesen Gaudi f\u00fcr klein &amp; gro\u00df bei den Vereinsmeisterschaften des Skiclubs aus Essingen<\/strong><\/h2>\n\n\n\n<p>Am Wochenende, 14.03 \u2013 160.3.2025, ging\u00b4s f\u00fcr uns zu den ersten RaceDAYS des Skiclub Essingen. F\u00fcr die 14 Kids und 6 Erwachsenen hie\u00df es am Freitagmittag: Abfahrt nach Oberstdorf. Die \u00dcbernachtung im Explorer Hotel war f\u00fcr alle ein Abenteuer und das ganze Hotel wusste nach kurzer Zeit, dass der SCE eingecheckt hatte.<\/p>\n\n\n\n<p>Am Samstagmorgen war die Vorfreude auf den Trainingstag so gro\u00df, dass wir p\u00fcnktlich und bestens gelaunt in das Skigebiet Grasgehen starteten und uns dort in Kleingruppen einfuhren, w\u00e4hrend unsere beiden Stangenprofis Alexander und Patrick einen Trainingslauf steckten.<br>Dann wurde es ernst. Im Umlaufbetrieb fetzten die Kids durch den Lauf und machten mit jeder Abfahrt richtige Fortschritte. Das Mittagessen auf der Skih\u00fctte Grasgehren war super lecker und machte unsere m\u00fcden Racetiger wieder fit. Ausreichend fit, um uns Betreuer bis in den Abend auf Trapp zu halten.<br>Im Foyer unseres Hotels pr\u00e4parierten alle ihre Ski mit Unterst\u00fctzung der beiden Alex. Dabei hatten wir riesigen Spa\u00df und waren auch materialtechnisch bestens auf den gro\u00dfen Tag vorbereitet. Beim gemeinsamen Pizzaessen lie\u00dfen wir den Tag ausklingen.<\/p>\n\n\n\n<p>Sonntag, 7 Uhr, Fr\u00fchst\u00fccksbereich des Explorer Hotels \u201eTag der Vereinsmeisterschaft\u201c:<br>Die Aufregung und Unruhe bei den Kids (und den Betreuern) stieg. Die einen st\u00e4rkten sich mit einer riesigen Portion M\u00fcsli, die anderen brachten keinen Bissen runter.<br>Was alle vereinte: Die Vorfreude auf die anreisenden Eltern bzw. Zuschauer und auf das Vereinsrennen.<br>Nach Ankunft aller Teilnehmer und Zuschauer, Begr\u00fc\u00dfung und Besichtigung der gesteckten Strecke war es dann soweit:<\/p>\n\n\n\n<figure class=\"wp-block-gallery columns-2 is-cropped\"><ul class=\"blocks-gallery-grid\"><li class=\"blocks-gallery-item\"><figure><a href=\"https:\/\/www.sc-essingen.de\/neschp\/wp-content\/uploads\/2025\/03\/Start-Kinder-und-Jugendliche-scaled-e1742323002490.jpeg\"><img loading=\"lazy\" width=\"969\" height=\"1024\" src=\"https:\/\/www.sc-essingen.de\/neschp\/wp-content\/uploads\/2025\/03\/Start-Kinder-und-Jugendliche-scaled-e1742323002490-969x1024.jpeg\" alt=\"\" data-id=\"7882\" data-full-url=\"https:\/\/www.sc-essingen.de\/neschp\/wp-content\/uploads\/2025\/03\/Start-Kinder-und-Jugendliche-scaled-e1742323002490.jpeg\" data-link=\"https:\/\/www.sc-essingen.de\/?attachment_id=7882\" class=\"wp-image-7882\" srcset=\"https:\/\/www.sc-essingen.de\/neschp\/wp-content\/uploads\/2025\/03\/Start-Kinder-und-Jugendliche-scaled-e1742323002490-969x1024.jpeg 969w, https:\/\/www.sc-essingen.de\/neschp\/wp-content\/uploads\/2025\/03\/Start-Kinder-und-Jugendliche-scaled-e1742323002490-284x300.jpeg 284w, https:\/\/www.sc-essingen.de\/neschp\/wp-content\/uploads\/2025\/03\/Start-Kinder-und-Jugendliche-scaled-e1742323002490-142x150.jpeg 142w, https:\/\/www.sc-essingen.de\/neschp\/wp-content\/uploads\/2025\/03\/Start-Kinder-und-Jugendliche-scaled-e1742323002490-768x811.jpeg 768w, https:\/\/www.sc-essingen.de\/neschp\/wp-content\/uploads\/2025\/03\/Start-Kinder-und-Jugendliche-scaled-e1742323002490-1454x1536.jpeg 1454w, https:\/\/www.sc-essingen.de\/neschp\/wp-content\/uploads\/2025\/03\/Start-Kinder-und-Jugendliche-scaled-e1742323002490-300x317.jpeg 300w, https:\/\/www.sc-essingen.de\/neschp\/wp-content\/uploads\/2025\/03\/Start-Kinder-und-Jugendliche-scaled-e1742323002490-750x792.jpeg 750w, https:\/\/www.sc-essingen.de\/neschp\/wp-content\/uploads\/2025\/03\/Start-Kinder-und-Jugendliche-scaled-e1742323002490.jpeg 1920w\" sizes=\"(max-width: 969px) 100vw, 969px\" \/><\/a><\/figure><\/li><li class=\"blocks-gallery-item\"><figure><a href=\"https:\/\/www.sc-essingen.de\/neschp\/wp-content\/uploads\/2025\/03\/Start-Erwachsene-scaled-e1742323462224.jpeg\"><img loading=\"lazy\" width=\"969\" height=\"1024\" src=\"https:\/\/www.sc-essingen.de\/neschp\/wp-content\/uploads\/2025\/03\/Start-Erwachsene-scaled-e1742323462224-969x1024.jpeg\" alt=\"\" data-id=\"7881\" data-full-url=\"https:\/\/www.sc-essingen.de\/neschp\/wp-content\/uploads\/2025\/03\/Start-Erwachsene-scaled-e1742323462224.jpeg\" data-link=\"https:\/\/www.sc-essingen.de\/?attachment_id=7881\" class=\"wp-image-7881\" srcset=\"https:\/\/www.sc-essingen.de\/neschp\/wp-content\/uploads\/2025\/03\/Start-Erwachsene-scaled-e1742323462224-969x1024.jpeg 969w, https:\/\/www.sc-essingen.de\/neschp\/wp-content\/uploads\/2025\/03\/Start-Erwachsene-scaled-e1742323462224-284x300.jpeg 284w, https:\/\/www.sc-essingen.de\/neschp\/wp-content\/uploads\/2025\/03\/Start-Erwachsene-scaled-e1742323462224-142x150.jpeg 142w, https:\/\/www.sc-essingen.de\/neschp\/wp-content\/uploads\/2025\/03\/Start-Erwachsene-scaled-e1742323462224-768x811.jpeg 768w, https:\/\/www.sc-essingen.de\/neschp\/wp-content\/uploads\/2025\/03\/Start-Erwachsene-scaled-e1742323462224-1454x1536.jpeg 1454w, https:\/\/www.sc-essingen.de\/neschp\/wp-content\/uploads\/2025\/03\/Start-Erwachsene-scaled-e1742323462224-300x317.jpeg 300w, https:\/\/www.sc-essingen.de\/neschp\/wp-content\/uploads\/2025\/03\/Start-Erwachsene-scaled-e1742323462224-750x792.jpeg 750w, https:\/\/www.sc-essingen.de\/neschp\/wp-content\/uploads\/2025\/03\/Start-Erwachsene-scaled-e1742323462224.jpeg 1920w\" sizes=\"(max-width: 969px) 100vw, 969px\" \/><\/a><\/figure><\/li><\/ul><\/figure>\n\n\n\n<p>P\u00fcnktlich um 10 Uhr startete die Altersklasse \u201eKinder\u201c mit 10 Teilnehmern ins Rennen.<br>Zuschauer positionierten sich an der Strecke und im Zieleinlauf, um die Kids entsprechend zu supporten.<br>Im Anschluss war unsere Altersklasse \u201eJugendliche\u201c an der Reihe. 6 Teilnehmer gaben alles und k\u00e4mpften um die Pokale.<\/p>\n\n\n\n<p>Nachdem alle Kinder und Jugendlichen ins Ziel kamen, stieg der Druck bei den Eltern und Erwachsenen. Startnummern wurden weitergegeben und alle L\u00e4ufer der Altersklasse \u201eErwachsene\u201c lifteten zum Start. 15 Teilnehmer k\u00e4mpften um den Wanderpokal des Vereinsmeisters.<\/p>\n\n\n\n<figure class=\"wp-block-gallery columns-1 is-cropped\"><ul class=\"blocks-gallery-grid\"><li class=\"blocks-gallery-item\"><figure><img loading=\"lazy\" width=\"1024\" height=\"819\" src=\"https:\/\/www.sc-essingen.de\/neschp\/wp-content\/uploads\/2025\/03\/Siegerehrung-scaled-e1742322925586-1024x819.jpeg\" alt=\"\" data-id=\"7880\" data-full-url=\"https:\/\/www.sc-essingen.de\/neschp\/wp-content\/uploads\/2025\/03\/Siegerehrung-scaled-e1742322925586.jpeg\" data-link=\"https:\/\/www.sc-essingen.de\/?attachment_id=7880\" class=\"wp-image-7880\" srcset=\"https:\/\/www.sc-essingen.de\/neschp\/wp-content\/uploads\/2025\/03\/Siegerehrung-scaled-e1742322925586-1024x819.jpeg 1024w, https:\/\/www.sc-essingen.de\/neschp\/wp-content\/uploads\/2025\/03\/Siegerehrung-scaled-e1742322925586-300x240.jpeg 300w, https:\/\/www.sc-essingen.de\/neschp\/wp-content\/uploads\/2025\/03\/Siegerehrung-scaled-e1742322925586-150x120.jpeg 150w, https:\/\/www.sc-essingen.de\/neschp\/wp-content\/uploads\/2025\/03\/Siegerehrung-scaled-e1742322925586-768x614.jpeg 768w, https:\/\/www.sc-essingen.de\/neschp\/wp-content\/uploads\/2025\/03\/Siegerehrung-scaled-e1742322925586-1536x1229.jpeg 1536w, https:\/\/www.sc-essingen.de\/neschp\/wp-content\/uploads\/2025\/03\/Siegerehrung-scaled-e1742322925586-750x600.jpeg 750w, https:\/\/www.sc-essingen.de\/neschp\/wp-content\/uploads\/2025\/03\/Siegerehrung-scaled-e1742322925586.jpeg 1920w\" sizes=\"(max-width: 1024px) 100vw, 1024px\" \/><\/figure><\/li><\/ul><\/figure>\n\n\n\n<p>Die Siegerehrung f\u00fchrten unsere beiden Organisatoren Annika und Alex mit unserer Jugendleiterin Lara nach dem gemeinsamen Mittagessen auf der Skih\u00fctte Grasgehren durch.&nbsp; In der Altersklasse \u201eKinder\u201c erk\u00e4mpften sich Felix Pohl (Platz 1), Luisa Batran (Platz 2) und Bastian Winkler (Platz 3) die Pokale. Lasse Deeg (Platz 1), Frieder Eisele (Platz 2) und Benno Deeg (Platz 3) konnten sich in der Altersklasse \u201eJugendliche\u201c durchsetzen. Vereinsmeister der Altersklasse \u201eErwachsene\u201c wurde Alexander Batran (Platz 1) und setzte sich somit gegen seine Skilehrerkollegen Patrick Leyendecker (Platz 2) und Martin Holtz (Platz 3) durch.<\/p>\n\n\n\n<figure class=\"wp-block-gallery columns-3 is-cropped\"><ul class=\"blocks-gallery-grid\"><li class=\"blocks-gallery-item\"><figure><a href=\"https:\/\/www.sc-essingen.de\/neschp\/wp-content\/uploads\/2025\/03\/Altersklasse-Kinder-scaled-e1742323767776.jpeg\"><img loading=\"lazy\" width=\"985\" height=\"1024\" src=\"https:\/\/www.sc-essingen.de\/neschp\/wp-content\/uploads\/2025\/03\/Altersklasse-Kinder-scaled-e1742323767776-985x1024.jpeg\" alt=\"\" data-id=\"7876\" data-full-url=\"https:\/\/www.sc-essingen.de\/neschp\/wp-content\/uploads\/2025\/03\/Altersklasse-Kinder-scaled-e1742323767776.jpeg\" data-link=\"https:\/\/www.sc-essingen.de\/?attachment_id=7876\" class=\"wp-image-7876\" srcset=\"https:\/\/www.sc-essingen.de\/neschp\/wp-content\/uploads\/2025\/03\/Altersklasse-Kinder-scaled-e1742323767776-985x1024.jpeg 985w, https:\/\/www.sc-essingen.de\/neschp\/wp-content\/uploads\/2025\/03\/Altersklasse-Kinder-scaled-e1742323767776-289x300.jpeg 289w, https:\/\/www.sc-essingen.de\/neschp\/wp-content\/uploads\/2025\/03\/Altersklasse-Kinder-scaled-e1742323767776-144x150.jpeg 144w, https:\/\/www.sc-essingen.de\/neschp\/wp-content\/uploads\/2025\/03\/Altersklasse-Kinder-scaled-e1742323767776-768x798.jpeg 768w, https:\/\/www.sc-essingen.de\/neschp\/wp-content\/uploads\/2025\/03\/Altersklasse-Kinder-scaled-e1742323767776-1478x1536.jpeg 1478w, https:\/\/www.sc-essingen.de\/neschp\/wp-content\/uploads\/2025\/03\/Altersklasse-Kinder-scaled-e1742323767776-300x312.jpeg 300w, https:\/\/www.sc-essingen.de\/neschp\/wp-content\/uploads\/2025\/03\/Altersklasse-Kinder-scaled-e1742323767776-750x780.jpeg 750w, https:\/\/www.sc-essingen.de\/neschp\/wp-content\/uploads\/2025\/03\/Altersklasse-Kinder-scaled-e1742323767776.jpeg 1920w\" sizes=\"(max-width: 985px) 100vw, 985px\" \/><\/a><\/figure><\/li><li class=\"blocks-gallery-item\"><figure><a href=\"https:\/\/www.sc-essingen.de\/neschp\/wp-content\/uploads\/2025\/03\/Altersklasse-Jugendliche-scaled-e1742323919930.jpeg\"><img loading=\"lazy\" width=\"985\" height=\"1024\" src=\"https:\/\/www.sc-essingen.de\/neschp\/wp-content\/uploads\/2025\/03\/Altersklasse-Jugendliche-scaled-e1742323919930-985x1024.jpeg\" alt=\"\" data-id=\"7875\" data-full-url=\"https:\/\/www.sc-essingen.de\/neschp\/wp-content\/uploads\/2025\/03\/Altersklasse-Jugendliche-scaled-e1742323919930.jpeg\" data-link=\"https:\/\/www.sc-essingen.de\/?attachment_id=7875\" class=\"wp-image-7875\" srcset=\"https:\/\/www.sc-essingen.de\/neschp\/wp-content\/uploads\/2025\/03\/Altersklasse-Jugendliche-scaled-e1742323919930-985x1024.jpeg 985w, https:\/\/www.sc-essingen.de\/neschp\/wp-content\/uploads\/2025\/03\/Altersklasse-Jugendliche-scaled-e1742323919930-289x300.jpeg 289w, https:\/\/www.sc-essingen.de\/neschp\/wp-content\/uploads\/2025\/03\/Altersklasse-Jugendliche-scaled-e1742323919930-144x150.jpeg 144w, https:\/\/www.sc-essingen.de\/neschp\/wp-content\/uploads\/2025\/03\/Altersklasse-Jugendliche-scaled-e1742323919930-768x798.jpeg 768w, https:\/\/www.sc-essingen.de\/neschp\/wp-content\/uploads\/2025\/03\/Altersklasse-Jugendliche-scaled-e1742323919930-1478x1536.jpeg 1478w, https:\/\/www.sc-essingen.de\/neschp\/wp-content\/uploads\/2025\/03\/Altersklasse-Jugendliche-scaled-e1742323919930-300x312.jpeg 300w, https:\/\/www.sc-essingen.de\/neschp\/wp-content\/uploads\/2025\/03\/Altersklasse-Jugendliche-scaled-e1742323919930-750x780.jpeg 750w, https:\/\/www.sc-essingen.de\/neschp\/wp-content\/uploads\/2025\/03\/Altersklasse-Jugendliche-scaled-e1742323919930.jpeg 1920w\" sizes=\"(max-width: 985px) 100vw, 985px\" \/><\/a><\/figure><\/li><li class=\"blocks-gallery-item\"><figure><a href=\"https:\/\/www.sc-essingen.de\/neschp\/wp-content\/uploads\/2025\/03\/Altersklasse-Erwachsene-1-scaled-e1742324004542.jpeg\"><img loading=\"lazy\" width=\"985\" height=\"1024\" src=\"https:\/\/www.sc-essingen.de\/neschp\/wp-content\/uploads\/2025\/03\/Altersklasse-Erwachsene-1-scaled-e1742324004542-985x1024.jpeg\" alt=\"\" data-id=\"7892\" data-full-url=\"https:\/\/www.sc-essingen.de\/neschp\/wp-content\/uploads\/2025\/03\/Altersklasse-Erwachsene-1-scaled-e1742324004542.jpeg\" data-link=\"https:\/\/www.sc-essingen.de\/?attachment_id=7892\" class=\"wp-image-7892\" srcset=\"https:\/\/www.sc-essingen.de\/neschp\/wp-content\/uploads\/2025\/03\/Altersklasse-Erwachsene-1-scaled-e1742324004542-985x1024.jpeg 985w, https:\/\/www.sc-essingen.de\/neschp\/wp-content\/uploads\/2025\/03\/Altersklasse-Erwachsene-1-scaled-e1742324004542-289x300.jpeg 289w, https:\/\/www.sc-essingen.de\/neschp\/wp-content\/uploads\/2025\/03\/Altersklasse-Erwachsene-1-scaled-e1742324004542-144x150.jpeg 144w, https:\/\/www.sc-essingen.de\/neschp\/wp-content\/uploads\/2025\/03\/Altersklasse-Erwachsene-1-scaled-e1742324004542-768x798.jpeg 768w, https:\/\/www.sc-essingen.de\/neschp\/wp-content\/uploads\/2025\/03\/Altersklasse-Erwachsene-1-scaled-e1742324004542-1478x1536.jpeg 1478w, https:\/\/www.sc-essingen.de\/neschp\/wp-content\/uploads\/2025\/03\/Altersklasse-Erwachsene-1-scaled-e1742324004542-300x312.jpeg 300w, https:\/\/www.sc-essingen.de\/neschp\/wp-content\/uploads\/2025\/03\/Altersklasse-Erwachsene-1-scaled-e1742324004542-750x780.jpeg 750w, https:\/\/www.sc-essingen.de\/neschp\/wp-content\/uploads\/2025\/03\/Altersklasse-Erwachsene-1-scaled-e1742324004542.jpeg 1920w\" sizes=\"(max-width: 985px) 100vw, 985px\" \/><\/a><\/figure><\/li><\/ul><\/figure>\n\n\n\n<p>Platzierungen aller Altersklassen (Platzierung, Startnummer, Name, Laufzeit):<\/p>\n\n\n\n<p><strong>U12 \u201eKinder\u201c:<\/strong><\/p>\n\n\n\n<p>1&nbsp;&nbsp;&nbsp;&nbsp;&nbsp;&nbsp;&nbsp; 231 &nbsp;&nbsp; Pohl, Felix &nbsp;&nbsp;&nbsp;&nbsp;&nbsp;&nbsp;&nbsp;&nbsp;&nbsp;&nbsp;&nbsp;&nbsp;&nbsp;&nbsp;&nbsp;&nbsp;&nbsp;&nbsp;&nbsp;&nbsp;&nbsp;&nbsp; 50,01<\/p>\n\n\n\n<p>2&nbsp;&nbsp;&nbsp;&nbsp;&nbsp;&nbsp;&nbsp; 225 &nbsp;&nbsp; Batran, Luisa &nbsp;&nbsp;&nbsp;&nbsp;&nbsp;&nbsp;&nbsp;&nbsp;&nbsp;&nbsp;&nbsp;&nbsp;&nbsp;&nbsp;&nbsp;&nbsp;&nbsp;&nbsp; 53,92<\/p>\n\n\n\n<p>3&nbsp;&nbsp;&nbsp;&nbsp;&nbsp;&nbsp;&nbsp; 233 &nbsp;&nbsp; Winkler, Bastian&nbsp;&nbsp;&nbsp;&nbsp;&nbsp;&nbsp;&nbsp;&nbsp;&nbsp;&nbsp;&nbsp;&nbsp;&nbsp;&nbsp;&nbsp; 53,93<\/p>\n\n\n\n<p>4&nbsp;&nbsp;&nbsp;&nbsp;&nbsp;&nbsp;&nbsp; 226 &nbsp;&nbsp; Bihler, Emma&nbsp;&nbsp;&nbsp;&nbsp;&nbsp;&nbsp;&nbsp;&nbsp;&nbsp;&nbsp;&nbsp;&nbsp;&nbsp;&nbsp;&nbsp;&nbsp;&nbsp;&nbsp;&nbsp; 55,34<\/p>\n\n\n\n<p>5 &nbsp;&nbsp;&nbsp;&nbsp;&nbsp;&nbsp; 230 &nbsp;&nbsp; Meyer, Henri&nbsp;&nbsp;&nbsp;&nbsp;&nbsp;&nbsp;&nbsp;&nbsp;&nbsp;&nbsp;&nbsp;&nbsp;&nbsp;&nbsp;&nbsp;&nbsp;&nbsp;&nbsp;&nbsp;&nbsp; 46,39 +10 sec (Zeitstrafe)<\/p>\n\n\n\n<p>6 &nbsp;&nbsp;&nbsp;&nbsp;&nbsp;&nbsp; 234 &nbsp;&nbsp; Winkler, Paul&nbsp;&nbsp;&nbsp;&nbsp;&nbsp;&nbsp;&nbsp;&nbsp;&nbsp;&nbsp;&nbsp;&nbsp;&nbsp;&nbsp;&nbsp;&nbsp;&nbsp;&nbsp;&nbsp; 1:05,94<\/p>\n\n\n\n<p>7 &nbsp;&nbsp;&nbsp;&nbsp;&nbsp;&nbsp; 228 &nbsp;&nbsp; Leyendecker, Helene&nbsp;&nbsp;&nbsp;&nbsp;&nbsp;&nbsp;&nbsp; 1:11,98<\/p>\n\n\n\n<p>8 &nbsp;&nbsp;&nbsp;&nbsp;&nbsp;&nbsp; 229 &nbsp;&nbsp; Leyendecker, Lotta&nbsp;&nbsp;&nbsp;&nbsp;&nbsp;&nbsp;&nbsp;&nbsp;&nbsp;&nbsp; 1:12,25<\/p>\n\n\n\n<p>9 &nbsp;&nbsp;&nbsp;&nbsp;&nbsp;&nbsp; 227 &nbsp;&nbsp; Hoffmann, Ben&nbsp;&nbsp;&nbsp;&nbsp;&nbsp;&nbsp;&nbsp;&nbsp;&nbsp;&nbsp;&nbsp;&nbsp;&nbsp;&nbsp;&nbsp;&nbsp; 1:18,26<\/p>\n\n\n\n<p>10 &nbsp;&nbsp;&nbsp;&nbsp; 232 &nbsp;&nbsp; R\u00fcb, Jakob&nbsp;&nbsp;&nbsp;&nbsp;&nbsp;&nbsp;&nbsp;&nbsp;&nbsp;&nbsp;&nbsp;&nbsp;&nbsp;&nbsp;&nbsp;&nbsp;&nbsp;&nbsp;&nbsp;&nbsp;&nbsp;&nbsp; 3:06,18<\/p>\n\n\n\n<p><strong>U18 \u201eJugendliche\u201c:<\/strong><\/p>\n\n\n\n<p>1 &nbsp;&nbsp;&nbsp;&nbsp;&nbsp;&nbsp; 235 &nbsp;&nbsp; Deeg, Lasse&nbsp;&nbsp;&nbsp;&nbsp;&nbsp;&nbsp;&nbsp;&nbsp;&nbsp;&nbsp;&nbsp;&nbsp;&nbsp;&nbsp;&nbsp;&nbsp;&nbsp;&nbsp;&nbsp;&nbsp; 42,99<\/p>\n\n\n\n<p>&nbsp;2 &nbsp;&nbsp;&nbsp;&nbsp;&nbsp; 237 &nbsp;&nbsp; Eisele, Frieder&nbsp;&nbsp;&nbsp;&nbsp;&nbsp;&nbsp;&nbsp;&nbsp;&nbsp;&nbsp;&nbsp;&nbsp;&nbsp;&nbsp;&nbsp;&nbsp;&nbsp; 46,84<\/p>\n\n\n\n<p>&nbsp;3 &nbsp;&nbsp;&nbsp;&nbsp;&nbsp; 236 &nbsp;&nbsp; Deeg, Benno&nbsp;&nbsp;&nbsp;&nbsp;&nbsp;&nbsp;&nbsp;&nbsp;&nbsp;&nbsp;&nbsp;&nbsp;&nbsp;&nbsp;&nbsp;&nbsp;&nbsp;&nbsp;&nbsp; 47,04<\/p>\n\n\n\n<p>&nbsp;4&nbsp;&nbsp;&nbsp;&nbsp;&nbsp;&nbsp; 241 &nbsp;&nbsp; Krauss, Carla&nbsp;&nbsp;&nbsp;&nbsp;&nbsp;&nbsp;&nbsp;&nbsp;&nbsp;&nbsp;&nbsp;&nbsp;&nbsp;&nbsp;&nbsp;&nbsp;&nbsp;&nbsp; 50,01<\/p>\n\n\n\n<p>&nbsp;5 &nbsp;&nbsp;&nbsp;&nbsp;&nbsp; 238 &nbsp;&nbsp; Eisele, Lotte&nbsp;&nbsp;&nbsp;&nbsp;&nbsp;&nbsp;&nbsp;&nbsp;&nbsp;&nbsp;&nbsp;&nbsp;&nbsp;&nbsp;&nbsp;&nbsp;&nbsp;&nbsp;&nbsp;&nbsp; 51,21<\/p>\n\n\n\n<p>&nbsp;6 &nbsp;&nbsp;&nbsp;&nbsp;&nbsp; 239 &nbsp;&nbsp; Krauss, Anton&nbsp;&nbsp;&nbsp;&nbsp;&nbsp;&nbsp;&nbsp;&nbsp;&nbsp;&nbsp;&nbsp;&nbsp;&nbsp;&nbsp;&nbsp;&nbsp;&nbsp;&nbsp; 52,44<\/p>\n\n\n\n<p><strong>\u00dc18 \u201eErwachsene\u201c:<\/strong><\/p>\n\n\n\n<p>1&nbsp;&nbsp;&nbsp;&nbsp;&nbsp;&nbsp;&nbsp;&nbsp;&nbsp;&nbsp;&nbsp;&nbsp;&nbsp; 225&nbsp;&nbsp;&nbsp;&nbsp;&nbsp;&nbsp;&nbsp; Batran, Alexander&nbsp;&nbsp;&nbsp;&nbsp;&nbsp;&nbsp;&nbsp;&nbsp;&nbsp;&nbsp;&nbsp;&nbsp;&nbsp;&nbsp;&nbsp;&nbsp;&nbsp;&nbsp;&nbsp;&nbsp;&nbsp;&nbsp; 39,81<\/p>\n\n\n\n<p>&nbsp;2&nbsp;&nbsp;&nbsp;&nbsp;&nbsp;&nbsp;&nbsp;&nbsp;&nbsp;&nbsp;&nbsp;&nbsp; 233 &nbsp;&nbsp;&nbsp;&nbsp;&nbsp;&nbsp; Leyendecker, Patrick&nbsp;&nbsp;&nbsp;&nbsp;&nbsp;&nbsp;&nbsp;&nbsp;&nbsp;&nbsp;&nbsp;&nbsp;&nbsp;&nbsp;&nbsp;&nbsp;&nbsp;&nbsp;&nbsp;&nbsp; 41,01<\/p>\n\n\n\n<p>&nbsp;3&nbsp;&nbsp;&nbsp;&nbsp;&nbsp;&nbsp;&nbsp;&nbsp;&nbsp;&nbsp;&nbsp;&nbsp; 229 &nbsp;&nbsp;&nbsp;&nbsp;&nbsp;&nbsp; Holtz, Martin&nbsp;&nbsp;&nbsp;&nbsp;&nbsp;&nbsp;&nbsp;&nbsp;&nbsp;&nbsp;&nbsp;&nbsp;&nbsp;&nbsp;&nbsp;&nbsp;&nbsp;&nbsp;&nbsp;&nbsp;&nbsp;&nbsp;&nbsp;&nbsp;&nbsp;&nbsp;&nbsp;&nbsp;&nbsp;&nbsp;&nbsp;&nbsp; 41,27<\/p>\n\n\n\n<p>&nbsp;4&nbsp;&nbsp;&nbsp;&nbsp;&nbsp;&nbsp;&nbsp;&nbsp;&nbsp;&nbsp;&nbsp;&nbsp; 238&nbsp;&nbsp;&nbsp;&nbsp;&nbsp;&nbsp;&nbsp; Bihler, Carmen&nbsp;&nbsp;&nbsp;&nbsp;&nbsp;&nbsp;&nbsp;&nbsp;&nbsp;&nbsp;&nbsp;&nbsp;&nbsp;&nbsp;&nbsp;&nbsp;&nbsp;&nbsp;&nbsp;&nbsp;&nbsp;&nbsp;&nbsp;&nbsp;&nbsp;&nbsp;&nbsp;&nbsp; 41,59<\/p>\n\n\n\n<p>&nbsp;5&nbsp;&nbsp;&nbsp;&nbsp;&nbsp;&nbsp;&nbsp;&nbsp;&nbsp;&nbsp;&nbsp;&nbsp; 234&nbsp;&nbsp;&nbsp;&nbsp;&nbsp;&nbsp;&nbsp; Meyer, Karl&nbsp;&nbsp;&nbsp;&nbsp;&nbsp;&nbsp;&nbsp;&nbsp;&nbsp;&nbsp;&nbsp;&nbsp;&nbsp;&nbsp;&nbsp;&nbsp;&nbsp;&nbsp;&nbsp;&nbsp;&nbsp;&nbsp;&nbsp;&nbsp;&nbsp;&nbsp;&nbsp;&nbsp;&nbsp;&nbsp;&nbsp;&nbsp;&nbsp;&nbsp; 42,54<\/p>\n\n\n\n<p>6 &nbsp;&nbsp;&nbsp;&nbsp;&nbsp;&nbsp;&nbsp;&nbsp;&nbsp;&nbsp;&nbsp;&nbsp; 239&nbsp;&nbsp;&nbsp;&nbsp;&nbsp;&nbsp;&nbsp; Bihler, Jochen&nbsp;&nbsp;&nbsp;&nbsp;&nbsp;&nbsp;&nbsp;&nbsp;&nbsp;&nbsp;&nbsp;&nbsp;&nbsp;&nbsp;&nbsp;&nbsp;&nbsp;&nbsp;&nbsp;&nbsp;&nbsp;&nbsp;&nbsp;&nbsp;&nbsp;&nbsp;&nbsp; 42,88<\/p>\n\n\n\n<p>7&nbsp;&nbsp;&nbsp;&nbsp;&nbsp;&nbsp;&nbsp;&nbsp;&nbsp;&nbsp;&nbsp;&nbsp;&nbsp; 230&nbsp;&nbsp;&nbsp;&nbsp;&nbsp;&nbsp;&nbsp; Huber, Annika&nbsp;&nbsp;&nbsp;&nbsp;&nbsp;&nbsp;&nbsp;&nbsp;&nbsp;&nbsp;&nbsp;&nbsp;&nbsp;&nbsp;&nbsp;&nbsp;&nbsp;&nbsp;&nbsp;&nbsp;&nbsp;&nbsp;&nbsp;&nbsp;&nbsp;&nbsp;&nbsp;&nbsp; 43,13<\/p>\n\n\n\n<p>8&nbsp;&nbsp;&nbsp;&nbsp;&nbsp;&nbsp;&nbsp;&nbsp;&nbsp;&nbsp;&nbsp;&nbsp;&nbsp; 227&nbsp;&nbsp;&nbsp;&nbsp;&nbsp;&nbsp;&nbsp; Eisele, Christian&nbsp;&nbsp;&nbsp;&nbsp;&nbsp;&nbsp;&nbsp;&nbsp;&nbsp;&nbsp;&nbsp;&nbsp;&nbsp;&nbsp;&nbsp;&nbsp;&nbsp;&nbsp;&nbsp;&nbsp;&nbsp;&nbsp;&nbsp;&nbsp; 45,11<\/p>\n\n\n\n<p>9&nbsp;&nbsp;&nbsp;&nbsp;&nbsp;&nbsp;&nbsp;&nbsp;&nbsp;&nbsp;&nbsp;&nbsp;&nbsp; 231&nbsp;&nbsp;&nbsp;&nbsp;&nbsp;&nbsp;&nbsp; Krauss, Matthias&nbsp;&nbsp;&nbsp;&nbsp;&nbsp;&nbsp;&nbsp;&nbsp;&nbsp;&nbsp;&nbsp;&nbsp;&nbsp;&nbsp;&nbsp;&nbsp;&nbsp;&nbsp;&nbsp;&nbsp;&nbsp;&nbsp;&nbsp; 45,56<\/p>\n\n\n\n<p>10&nbsp;&nbsp;&nbsp;&nbsp;&nbsp;&nbsp;&nbsp;&nbsp;&nbsp;&nbsp;&nbsp;&nbsp; 228&nbsp;&nbsp;&nbsp;&nbsp;&nbsp;&nbsp;&nbsp; Hoffmann, Sascha&nbsp;&nbsp;&nbsp;&nbsp;&nbsp;&nbsp;&nbsp;&nbsp;&nbsp;&nbsp;&nbsp;&nbsp;&nbsp;&nbsp;&nbsp;&nbsp;&nbsp;&nbsp;&nbsp;&nbsp;&nbsp; 47,92<\/p>\n\n\n\n<p>11&nbsp;&nbsp;&nbsp;&nbsp;&nbsp;&nbsp;&nbsp;&nbsp;&nbsp;&nbsp;&nbsp;&nbsp; 232&nbsp;&nbsp;&nbsp;&nbsp;&nbsp;&nbsp;&nbsp; Leyendecker, Nadine&nbsp;&nbsp;&nbsp;&nbsp;&nbsp;&nbsp;&nbsp;&nbsp;&nbsp;&nbsp;&nbsp;&nbsp;&nbsp;&nbsp;&nbsp;&nbsp;&nbsp; 51,17<\/p>\n\n\n\n<p>12&nbsp;&nbsp;&nbsp;&nbsp;&nbsp;&nbsp;&nbsp;&nbsp;&nbsp;&nbsp;&nbsp;&nbsp; 226&nbsp;&nbsp;&nbsp;&nbsp;&nbsp;&nbsp;&nbsp; Borst, Alexander&nbsp;&nbsp;&nbsp;&nbsp;&nbsp;&nbsp;&nbsp;&nbsp;&nbsp;&nbsp;&nbsp;&nbsp;&nbsp;&nbsp;&nbsp;&nbsp;&nbsp;&nbsp;&nbsp;&nbsp;&nbsp;&nbsp;&nbsp;&nbsp; 53,21<\/p>\n\n\n\n<p>13&nbsp;&nbsp;&nbsp;&nbsp;&nbsp;&nbsp;&nbsp;&nbsp;&nbsp;&nbsp;&nbsp;&nbsp; 235&nbsp;&nbsp;&nbsp;&nbsp;&nbsp;&nbsp;&nbsp; Batran, Heike&nbsp;&nbsp;&nbsp;&nbsp;&nbsp;&nbsp;&nbsp;&nbsp;&nbsp;&nbsp;&nbsp;&nbsp;&nbsp;&nbsp;&nbsp;&nbsp;&nbsp;&nbsp;&nbsp;&nbsp;&nbsp;&nbsp;&nbsp;&nbsp;&nbsp;&nbsp;&nbsp;&nbsp; 1:00,00<\/p>\n\n\n\n<p>14&nbsp;&nbsp;&nbsp;&nbsp;&nbsp;&nbsp;&nbsp;&nbsp;&nbsp;&nbsp;&nbsp;&nbsp; 237&nbsp;&nbsp;&nbsp;&nbsp;&nbsp;&nbsp;&nbsp; Winkler, Susanne&nbsp;&nbsp;&nbsp;&nbsp;&nbsp;&nbsp;&nbsp;&nbsp;&nbsp;&nbsp;&nbsp;&nbsp;&nbsp;&nbsp;&nbsp;&nbsp;&nbsp;&nbsp;&nbsp;&nbsp;&nbsp;&nbsp; 1:01,65<\/p>\n\n\n\n<p>15&nbsp;&nbsp;&nbsp;&nbsp;&nbsp;&nbsp;&nbsp;&nbsp;&nbsp;&nbsp;&nbsp;&nbsp; 240 &nbsp;&nbsp;&nbsp;&nbsp;&nbsp;&nbsp; Meyer, Caro&nbsp;&nbsp;&nbsp;&nbsp;&nbsp;&nbsp;&nbsp;&nbsp;&nbsp;&nbsp;&nbsp;&nbsp;&nbsp;&nbsp;&nbsp;&nbsp;&nbsp;&nbsp;&nbsp;&nbsp;&nbsp;&nbsp;&nbsp;&nbsp;&nbsp;&nbsp;&nbsp;&nbsp;&nbsp;&nbsp; 1:07,51<\/p>\n\n\n\n<p>16&nbsp;&nbsp;&nbsp;&nbsp;&nbsp;&nbsp;&nbsp;&nbsp;&nbsp;&nbsp;&nbsp;&nbsp; 236&nbsp;&nbsp;&nbsp;&nbsp;&nbsp;&nbsp;&nbsp; Winkler, Martin&nbsp;&nbsp;&nbsp;&nbsp;&nbsp;&nbsp;&nbsp;&nbsp;&nbsp;&nbsp;&nbsp;&nbsp;&nbsp;&nbsp;&nbsp;&nbsp;&nbsp;&nbsp;&nbsp;&nbsp;&nbsp;&nbsp;&nbsp;&nbsp;&nbsp;&nbsp; DNF<\/p>\n\n\n\n<figure class=\"wp-block-gallery columns-1 is-cropped\"><ul class=\"blocks-gallery-grid\"><li class=\"blocks-gallery-item\"><figure><a href=\"https:\/\/www.sc-essingen.de\/neschp\/wp-content\/uploads\/2025\/03\/Gruppenbild-Erwachsene-1-scaled-e1742323079182.jpeg\"><img loading=\"lazy\" width=\"1024\" height=\"450\" src=\"https:\/\/www.sc-essingen.de\/neschp\/wp-content\/uploads\/2025\/03\/Gruppenbild-Erwachsene-1-scaled-e1742323079182-1024x450.jpeg\" alt=\"\" data-id=\"7888\" data-full-url=\"https:\/\/www.sc-essingen.de\/neschp\/wp-content\/uploads\/2025\/03\/Gruppenbild-Erwachsene-1-scaled-e1742323079182.jpeg\" data-link=\"https:\/\/www.sc-essingen.de\/?attachment_id=7888\" class=\"wp-image-7888\" srcset=\"https:\/\/www.sc-essingen.de\/neschp\/wp-content\/uploads\/2025\/03\/Gruppenbild-Erwachsene-1-scaled-e1742323079182-1024x450.jpeg 1024w, https:\/\/www.sc-essingen.de\/neschp\/wp-content\/uploads\/2025\/03\/Gruppenbild-Erwachsene-1-scaled-e1742323079182-300x132.jpeg 300w, https:\/\/www.sc-essingen.de\/neschp\/wp-content\/uploads\/2025\/03\/Gruppenbild-Erwachsene-1-scaled-e1742323079182-150x66.jpeg 150w, https:\/\/www.sc-essingen.de\/neschp\/wp-content\/uploads\/2025\/03\/Gruppenbild-Erwachsene-1-scaled-e1742323079182-768x338.jpeg 768w, https:\/\/www.sc-essingen.de\/neschp\/wp-content\/uploads\/2025\/03\/Gruppenbild-Erwachsene-1-scaled-e1742323079182-1536x675.jpeg 1536w, https:\/\/www.sc-essingen.de\/neschp\/wp-content\/uploads\/2025\/03\/Gruppenbild-Erwachsene-1-scaled-e1742323079182-750x330.jpeg 750w, https:\/\/www.sc-essingen.de\/neschp\/wp-content\/uploads\/2025\/03\/Gruppenbild-Erwachsene-1-scaled-e1742323079182.jpeg 1920w\" sizes=\"(max-width: 1024px) 100vw, 1024px\" \/><\/a><\/figure><\/li><\/ul><\/figure>\n","protected":false},"excerpt":{"rendered":"<p>Riesen Gaudi f\u00fcr klein &amp; gro\u00df bei den Vereinsmeisterschaften des Skiclubs aus Essingen Am Wochenende, 14.03 \u2013 160.3.2025, ging\u00b4s f\u00fcr uns zu den ersten RaceDAYS des Skiclub Essingen. F\u00fcr die 14 Kids und 6 Erwachsenen hie\u00df es am Freitagmittag: Abfahrt nach Oberstdorf. Die \u00dcbernachtung im Explorer Hotel war f\u00fcr alle ein Abenteuer und das ganze [&hellip;]<\/p>\n","protected":false},"author":29,"featured_media":7883,"comment_status":"closed","ping_status":"closed","sticky":false,"template":"","format":"standard","meta":[],"categories":[1,9],"tags":[],"_links":{"self":[{"href":"https:\/\/www.sc-essingen.de\/index.php?rest_route=\/wp\/v2\/posts\/7872"}],"collection":[{"href":"https:\/\/www.sc-essingen.de\/index.php?rest_route=\/wp\/v2\/posts"}],"about":[{"href":"https:\/\/www.sc-essingen.de\/index.php?rest_route=\/wp\/v2\/types\/post"}],"author":[{"embeddable":true,"href":"https:\/\/www.sc-essingen.de\/index.php?rest_route=\/wp\/v2\/users\/29"}],"replies":[{"embeddable":true,"href":"https:\/\/www.sc-essingen.de\/index.php?rest_route=%2Fwp%2Fv2%2Fcomments&post=7872"}],"version-history":[{"count":16,"href":"https:\/\/www.sc-essingen.de\/index.php?rest_route=\/wp\/v2\/posts\/7872\/revisions"}],"predecessor-version":[{"id":7907,"href":"https:\/\/www.sc-essingen.de\/index.php?rest_route=\/wp\/v2\/posts\/7872\/revisions\/7907"}],"wp:featuredmedia":[{"embeddable":true,"href":"https:\/\/www.sc-essingen.de\/index.php?rest_route=\/wp\/v2\/media\/7883"}],"wp:attachment":[{"href":"https:\/\/www.sc-essingen.de\/index.php?rest_route=%2Fwp%2Fv2%2Fmedia&parent=7872"}],"wp:term":[{"taxonomy":"category","embeddable":true,"href":"https:\/\/www.sc-essingen.de\/index.php?rest_route=%2Fwp%2Fv2%2Fcategories&post=7872"},{"taxonomy":"post_tag","embeddable":true,"href":"https:\/\/www.sc-essingen.de\/index.php?rest_route=%2Fwp%2Fv2%2Ftags&post=7872"}],"curies":[{"name":"wp","href":"https:\/\/api.w.org\/{rel}","templated":true}]}}