{"id":7910,"date":"2025-03-19T18:59:18","date_gmt":"2025-03-19T16:59:18","guid":{"rendered":"https:\/\/www.sc-essingen.de\/?p=7910"},"modified":"2025-09-06T08:21:03","modified_gmt":"2025-09-06T06:21:03","slug":"sce-radsaison-2025-startet-am-1-april","status":"publish","type":"post","link":"https:\/\/www.sc-essingen.de\/?p=7910","title":{"rendered":"SCE Radsaison 2025 startet am 1. April"},"content":{"rendered":"\n<p>Mit Beginn der Sommerzeit starten die SCE Radtreffs am Dienstag, den 1 April, beziehungsweise am Mittwoch, den 2. April 2025.<\/p>\n\n\n\n<p>Zwei kleine organisatorische Ver\u00e4nderungen wird es gegen\u00fcber den vergangenen Jahren geben:<\/p>\n\n\n\n<ul><li>Die bisherige Bio Radlergruppe \u00f6ffnet sich auch f\u00fcr Pedelec Radler:innen. Daher wird die Gruppe wieder \u201eRadtreff f\u00fcr sportliche\u201c benannt. Die Gruppe der Pedelecradler:innen ist inzwischen zu gro\u00df und un\u00fcbersichtlich geworden! Alle Pedelec Radler:innen, die gerne mal eine etwas l\u00e4ngere Strecke fahren wollen, sind herzlich eingeladen in die Gruppe von Fritz zu wechseln.<\/li><li>Die Mittwochsgruppe wird nun abwechselnd von Ernst und Josef gef\u00fchrt, je nachdem wer Zeit hat.<\/li><\/ul>\n\n\n\n<p><strong>Genuss Radler:innen (Pedelec- und Bio-Radler:innen)<\/strong><br>Treffpunk: Ab 2. April, jeweils mittwochs um 17:00 h am Essinger Feuerwehrger\u00e4tehaus (ab Mai 18:00h)<br>Streckenl\u00e4nge bis 40 km<br>Guides: Ernst Lipp, 07365 5794, bzw. Josef Leyendecker 07365 6894<\/p>\n\n\n\n<p><strong>Pedelec Radler:innen (Nur Pedelec Radler:innen)<\/strong><br>Treffpunkt: Ab 1. April, jeweils dienstags um 17:00 h am Essinger Feuerwehrger\u00e4tehaus<br>Streckenl\u00e4nge bis 50 km<br>Guide: Gerhard Drechsel, 07365 920232<\/p>\n\n\n\n<p><strong>Sportliche Radler:innen (Pedelec- und Bio-Radler:innen)<\/strong><br>Treffpunkt: Ab 1. April, jeweils dienstags um 17:00 h am Essinger Feuerwehrger\u00e4tehaus<br>Streckenl\u00e4nge bis 60 km<br>Guide: Fritz Hoch, 07365 5112<\/p>\n\n\n\n<p><strong>F\u00fcr alle Teilnehmerinnen und Teilnehmer gilt w\u00e4hrend den SCE Touren eine Helmpflicht. Aus versicherungstechnischen Gr\u00fcnden ist die Mitgliedschaft im Skiclub Essingen notwendig!<\/strong><\/p>\n","protected":false},"excerpt":{"rendered":"<p>Mit Beginn der Sommerzeit starten die SCE Radtreffs am Dienstag, den 1 April, beziehungsweise am Mittwoch, den 2. April 2025. Zwei kleine organisatorische Ver\u00e4nderungen wird es gegen\u00fcber den vergangenen Jahren geben: Die bisherige Bio Radlergruppe \u00f6ffnet sich auch f\u00fcr Pedelec Radler:innen. Daher wird die Gruppe wieder \u201eRadtreff f\u00fcr sportliche\u201c benannt. Die Gruppe der Pedelecradler:innen ist [&hellip;]<\/p>\n","protected":false},"author":25,"featured_media":4558,"comment_status":"closed","ping_status":"closed","sticky":false,"template":"","format":"standard","meta":[],"categories":[13,26],"tags":[],"_links":{"self":[{"href":"https:\/\/www.sc-essingen.de\/index.php?rest_route=\/wp\/v2\/posts\/7910"}],"collection":[{"href":"https:\/\/www.sc-essingen.de\/index.php?rest_route=\/wp\/v2\/posts"}],"about":[{"href":"https:\/\/www.sc-essingen.de\/index.php?rest_route=\/wp\/v2\/types\/post"}],"author":[{"embeddable":true,"href":"https:\/\/www.sc-essingen.de\/index.php?rest_route=\/wp\/v2\/users\/25"}],"replies":[{"embeddable":true,"href":"https:\/\/www.sc-essingen.de\/index.php?rest_route=%2Fwp%2Fv2%2Fcomments&post=7910"}],"version-history":[{"count":1,"href":"https:\/\/www.sc-essingen.de\/index.php?rest_route=\/wp\/v2\/posts\/7910\/revisions"}],"predecessor-version":[{"id":7911,"href":"https:\/\/www.sc-essingen.de\/index.php?rest_route=\/wp\/v2\/posts\/7910\/revisions\/7911"}],"wp:featuredmedia":[{"embeddable":true,"href":"https:\/\/www.sc-essingen.de\/index.php?rest_route=\/wp\/v2\/media\/4558"}],"wp:attachment":[{"href":"https:\/\/www.sc-essingen.de\/index.php?rest_route=%2Fwp%2Fv2%2Fmedia&parent=7910"}],"wp:term":[{"taxonomy":"category","embeddable":true,"href":"https:\/\/www.sc-essingen.de\/index.php?rest_route=%2Fwp%2Fv2%2Fcategories&post=7910"},{"taxonomy":"post_tag","embeddable":true,"href":"https:\/\/www.sc-essingen.de\/index.php?rest_route=%2Fwp%2Fv2%2Ftags&post=7910"}],"curies":[{"name":"wp","href":"https:\/\/api.w.org\/{rel}","templated":true}]}}