{"id":7960,"date":"2025-05-27T15:59:02","date_gmt":"2025-05-27T13:59:02","guid":{"rendered":"https:\/\/www.sc-essingen.de\/?p=7960"},"modified":"2025-05-27T16:03:01","modified_gmt":"2025-05-27T14:03:01","slug":"4-tagesradtour-nach-donauwoerth","status":"publish","type":"post","link":"https:\/\/www.sc-essingen.de\/?p=7960","title":{"rendered":"4-Tagesradtour nach Donauw\u00f6rth"},"content":{"rendered":"\n<p>Der Skiclub Essingen hat Ende Mai seine traditionelle Mehrtages Radtour unternommen. Am 22. Mai starteten 21 Radler:innen von Essingen aus gen Donauw\u00f6rth. Der anf\u00e4ngliche Niesel hatte sich nach sehr kurzer Zeit aufgel\u00f6st. So konnten die Radwege auf dem H\u00e4rtsfeld, fern der Autostra\u00dfen, richtig genossen werden.<\/p>\n\n\n\n<p>Am zweiten Tag stand der \u00f6stliche Teil des 7-Kapellen-Radweges auf dem Programm. Nachdem im letzten Jahr die ersten vier Kapellen im westlichen Teil besucht wurden, konnten jetzt die restlichen drei besichtigt werden. Auch diese beeindruckten wieder durch ihre au\u00dfergew\u00f6hnliche Architektur und Lage. Auch konnte jeder diese Orte nutzen, um unserer k\u00fcrzlich verstorbenen Sportsfreundin Angelika zu gedenken.<\/p>\n\n\n\n<p>Der dritte Tag brachte nun endlich auch akzeptables Wetter, mit fast wolkenfreiem Himmel und Temperaturen deutlich \u00fcber 10\u00b0C. Entlang der Donau, Richtung Osten, mussten drei Steigungen gemeistert werden. Danach war dann f\u00fcr den Rest des Tages in der Ebene Genussradeln angesagt. Die \u201eDehner-Stadt\u201c Rain am Lech und das ehemalige Kloster Thierhaupten waren die Ziele des Tages.<\/p>\n\n\n\n<p>Der R\u00fcckweg am vierten Tag war leider durch Regen gekennzeichnet. Die Unentwegten (einige haben den Zug oder das Auto bevorzugt) haben dies jedoch mit Bravour gemeistert. Nach einer Kaffeepause in Westhausen war dann sogar etwas blauer Himmel zu sehen.<\/p>\n\n\n\n<p>Alle sind wieder unfallfrei in Essingen angekommen und die technischen Herausforderungen unterwegs konnten alle gel\u00f6st werden.<\/p>\n\n\n\n<figure class=\"wp-block-gallery columns-1 is-cropped\"><ul class=\"blocks-gallery-grid\"><li class=\"blocks-gallery-item\"><figure><img loading=\"lazy\" width=\"1024\" height=\"580\" src=\"https:\/\/www.sc-essingen.de\/neschp\/wp-content\/uploads\/2025\/01\/2025-05-22_25_SCE-Radtour-Donauwoerth_LR-1024x580.jpg\" alt=\"\" data-id=\"7746\" data-full-url=\"https:\/\/www.sc-essingen.de\/neschp\/wp-content\/uploads\/2025\/01\/2025-05-22_25_SCE-Radtour-Donauwoerth_LR.jpg\" data-link=\"https:\/\/www.sc-essingen.de\/?attachment_id=7746\" class=\"wp-image-7746\" srcset=\"https:\/\/www.sc-essingen.de\/neschp\/wp-content\/uploads\/2025\/01\/2025-05-22_25_SCE-Radtour-Donauwoerth_LR-1024x580.jpg 1024w, https:\/\/www.sc-essingen.de\/neschp\/wp-content\/uploads\/2025\/01\/2025-05-22_25_SCE-Radtour-Donauwoerth_LR-300x170.jpg 300w, https:\/\/www.sc-essingen.de\/neschp\/wp-content\/uploads\/2025\/01\/2025-05-22_25_SCE-Radtour-Donauwoerth_LR-150x85.jpg 150w, https:\/\/www.sc-essingen.de\/neschp\/wp-content\/uploads\/2025\/01\/2025-05-22_25_SCE-Radtour-Donauwoerth_LR-768x435.jpg 768w, https:\/\/www.sc-essingen.de\/neschp\/wp-content\/uploads\/2025\/01\/2025-05-22_25_SCE-Radtour-Donauwoerth_LR-750x425.jpg 750w, https:\/\/www.sc-essingen.de\/neschp\/wp-content\/uploads\/2025\/01\/2025-05-22_25_SCE-Radtour-Donauwoerth_LR.jpg 1346w\" sizes=\"(max-width: 1024px) 100vw, 1024px\" \/><\/figure><\/li><\/ul><\/figure>\n","protected":false},"excerpt":{"rendered":"<p>Der Skiclub Essingen hat Ende Mai seine traditionelle Mehrtages Radtour unternommen. Am 22. Mai starteten 21 Radler:innen von Essingen aus gen Donauw\u00f6rth. Der anf\u00e4ngliche Niesel hatte sich nach sehr kurzer Zeit aufgel\u00f6st. So konnten die Radwege auf dem H\u00e4rtsfeld, fern der Autostra\u00dfen, richtig genossen werden. Am zweiten Tag stand der \u00f6stliche Teil des 7-Kapellen-Radweges auf [&hellip;]<\/p>\n","protected":false},"author":25,"featured_media":7961,"comment_status":"closed","ping_status":"closed","sticky":false,"template":"","format":"standard","meta":[],"categories":[10],"tags":[],"_links":{"self":[{"href":"https:\/\/www.sc-essingen.de\/index.php?rest_route=\/wp\/v2\/posts\/7960"}],"collection":[{"href":"https:\/\/www.sc-essingen.de\/index.php?rest_route=\/wp\/v2\/posts"}],"about":[{"href":"https:\/\/www.sc-essingen.de\/index.php?rest_route=\/wp\/v2\/types\/post"}],"author":[{"embeddable":true,"href":"https:\/\/www.sc-essingen.de\/index.php?rest_route=\/wp\/v2\/users\/25"}],"replies":[{"embeddable":true,"href":"https:\/\/www.sc-essingen.de\/index.php?rest_route=%2Fwp%2Fv2%2Fcomments&post=7960"}],"version-history":[{"count":3,"href":"https:\/\/www.sc-essingen.de\/index.php?rest_route=\/wp\/v2\/posts\/7960\/revisions"}],"predecessor-version":[{"id":7965,"href":"https:\/\/www.sc-essingen.de\/index.php?rest_route=\/wp\/v2\/posts\/7960\/revisions\/7965"}],"wp:featuredmedia":[{"embeddable":true,"href":"https:\/\/www.sc-essingen.de\/index.php?rest_route=\/wp\/v2\/media\/7961"}],"wp:attachment":[{"href":"https:\/\/www.sc-essingen.de\/index.php?rest_route=%2Fwp%2Fv2%2Fmedia&parent=7960"}],"wp:term":[{"taxonomy":"category","embeddable":true,"href":"https:\/\/www.sc-essingen.de\/index.php?rest_route=%2Fwp%2Fv2%2Fcategories&post=7960"},{"taxonomy":"post_tag","embeddable":true,"href":"https:\/\/www.sc-essingen.de\/index.php?rest_route=%2Fwp%2Fv2%2Ftags&post=7960"}],"curies":[{"name":"wp","href":"https:\/\/api.w.org\/{rel}","templated":true}]}}