{"id":8050,"date":"2025-10-22T11:30:00","date_gmt":"2025-10-22T09:30:00","guid":{"rendered":"https:\/\/www.sc-essingen.de\/?p=8050"},"modified":"2026-02-20T16:29:59","modified_gmt":"2026-02-20T14:29:59","slug":"tagesausfahrt-mit-kursangebot-nach-ehrwald-17-01-2026","status":"publish","type":"post","link":"https:\/\/www.sc-essingen.de\/?p=8050","title":{"rendered":"Tagesausfahrt mit Kursangebot nach Ehrwald 17.01.2026"},"content":{"rendered":"\n<p>Unsere Tagesausfahrt mit Kursangebot in allen K\u00f6nnerstufen nach Ehrwald ist allseits beliebt. Eine Ganztagesbetreuung unserer jungen Skiasse (6 bis 15 Jahre) ist in einem Ski- oder Snowboardkurs durch unsere Lehrkr\u00e4fte m\u00f6glich.<\/p>\n\n\n\n<p>Wir behalten uns vor bei schlechten Schneeverh\u00e4ltnissen auf ein anderes Skigebiet auszuweichen.<\/p>\n\n\n\n<p>Kurse unter 5 Teilnehmer:innen werden als Privatstunden verrechnet.<\/p>\n\n\n\n<p>Bitte geben Sie ihren Kindern ein Rucksackvesper oder ausreichend Geld f\u00fcr ein Mittagessen mit.<\/p>\n\n\n\n<p>Die Busfahrt ohne Skipass ist zum Preis von 40 \u20ac \/ 45 \u20ac (Mitglieder \/ Nichtmitglieder) m\u00f6glich.<\/p>\n\n\n\n<h3>Preise<\/h3>\n\n\n\n<figure class=\"wp-block-table is-style-stripes\"><table><thead><tr><th class=\"has-text-align-left\" data-align=\"left\">Kurs<\/th><th class=\"has-text-align-left\" data-align=\"left\"><strong>Mitglieder<\/strong><\/th><th class=\"has-text-align-left\" data-align=\"left\"><strong>Nichtmitglieder<\/strong><\/th><\/tr><\/thead><tbody><tr><td class=\"has-text-align-left\" data-align=\"left\"><strong>Kinder<\/strong> (6-15 Jahre)<\/td><td class=\"has-text-align-left\" data-align=\"left\">25,00 \u20ac<\/td><td class=\"has-text-align-left\" data-align=\"left\">30,00 \u20ac<\/td><\/tr><tr><td class=\"has-text-align-left\" data-align=\"left\"><strong>Jugendliche<\/strong> (16-18 Jahre)<\/td><td class=\"has-text-align-left\" data-align=\"left\">28,00 \u20ac<\/td><td class=\"has-text-align-left\" data-align=\"left\">33,00 \u20ac<\/td><\/tr><tr><td class=\"has-text-align-left\" data-align=\"left\"><strong>Erwachsene<\/strong><\/td><td class=\"has-text-align-left\" data-align=\"left\">32,00 \u20ac<\/td><td class=\"has-text-align-left\" data-align=\"left\">37,00 \u20ac<\/td><\/tr><\/tbody><\/table><\/figure>\n\n\n\n<figure class=\"wp-block-table is-style-stripes\"><table><thead><tr><th class=\"has-text-align-left\" data-align=\"left\">Ausfahrt<\/th><th class=\"has-text-align-left\" data-align=\"left\"><strong>Mitglieder<\/strong><\/th><th class=\"has-text-align-left\" data-align=\"left\"><strong>Nichtmitglieder<\/strong><\/th><\/tr><\/thead><tbody><tr><td class=\"has-text-align-left\" data-align=\"left\"><strong>Kinder<\/strong> (6-15 Jahre)<\/td><td class=\"has-text-align-left\" data-align=\"left\">68,00 \u20ac<\/td><td class=\"has-text-align-left\" data-align=\"left\">73,00 \u20ac<\/td><\/tr><tr><td class=\"has-text-align-left\" data-align=\"left\"><strong>Jugendliche<\/strong> (16-18 Jahre)<\/td><td class=\"has-text-align-left\" data-align=\"left\">87,00 \u20ac<\/td><td class=\"has-text-align-left\" data-align=\"left\">92,00 \u20ac<\/td><\/tr><tr><td class=\"has-text-align-left\" data-align=\"left\"><strong>Erwachsene<\/strong><\/td><td class=\"has-text-align-left\" data-align=\"left\">100,00 \u20ac<\/td><td class=\"has-text-align-left\" data-align=\"left\">105,00 \u20ac<\/td><\/tr><\/tbody><\/table><\/figure>\n\n\n\n<p><strong>Angebot:<\/strong> Bei einer Teilnahme an beiden Tagesausfahrten mit Skipass nach Ehrwald gibt es 5 \u20ac Rabatt f\u00fcr die zweite Ausfahrt.<\/p>\n\n\n\n<h3>Abfahrt<\/h3>\n\n\n\n<p><strong>5:30 Uhr<\/strong> in<strong> Essingen<\/strong>, Sch\u00f6nbrunnenhalle<br><strong>5:50 Uhr<\/strong> in<strong> Ebnat<\/strong>, Jurahalle<\/p>\n\n\n\n<p>Bitte Einstiegsstelle bei Anmeldung angeben<\/p>\n\n\n\n<h3>R\u00fcckfahrt<\/h3>\n\n\n\n<p><strong>16:15 Uhr<\/strong> in Ehrwald<\/p>\n\n\n\n<p><strong>Anmeldeschluss:<\/strong> 29.12.2025<br><strong>Mindestteilnehmerzahl:<\/strong> 35 Personen<\/p>\n\n\n\n<h3> Info <\/h3>\n\n\n\n<p>Patrick Leyendecker: patrick.leyendecker@sc-essingen.de<br>Nadine Abele:           nadine.abele@sc-essingen.de<\/p>\n\n\n<p><form action=\"https:\/\/www.sc-essingen.de\/?page_id=168\" method=\"post\"><input type=\"hidden\" name=\"post_veranstaltung_id\" value=\"112\" \/><input id=\"input\" type=\"submit\" value=\"Anmeldung\" \/>  zur 1. Tagesausfahrt nach Ehrwald<\/form>\n","protected":false},"excerpt":{"rendered":"<p>Unsere Tagesausfahrt mit Kursangebot in allen K\u00f6nnerstufen nach Ehrwald ist allseits beliebt. Eine Ganztagesbetreuung unserer jungen Skiasse (6 bis 15 Jahre) ist in einem Ski- oder Snowboardkurs durch unsere Lehrkr\u00e4fte m\u00f6glich. Wir behalten uns vor bei schlechten Schneeverh\u00e4ltnissen auf ein anderes Skigebiet auszuweichen. Kurse unter 5 Teilnehmer:innen werden als Privatstunden verrechnet. Bitte geben Sie ihren [&hellip;]<\/p>\n","protected":false},"author":1,"featured_media":8118,"comment_status":"closed","ping_status":"closed","sticky":false,"template":"","format":"standard","meta":[],"categories":[4,13],"tags":[],"_links":{"self":[{"href":"https:\/\/www.sc-essingen.de\/index.php?rest_route=\/wp\/v2\/posts\/8050"}],"collection":[{"href":"https:\/\/www.sc-essingen.de\/index.php?rest_route=\/wp\/v2\/posts"}],"about":[{"href":"https:\/\/www.sc-essingen.de\/index.php?rest_route=\/wp\/v2\/types\/post"}],"author":[{"embeddable":true,"href":"https:\/\/www.sc-essingen.de\/index.php?rest_route=\/wp\/v2\/users\/1"}],"replies":[{"embeddable":true,"href":"https:\/\/www.sc-essingen.de\/index.php?rest_route=%2Fwp%2Fv2%2Fcomments&post=8050"}],"version-history":[{"count":5,"href":"https:\/\/www.sc-essingen.de\/index.php?rest_route=\/wp\/v2\/posts\/8050\/revisions"}],"predecessor-version":[{"id":8148,"href":"https:\/\/www.sc-essingen.de\/index.php?rest_route=\/wp\/v2\/posts\/8050\/revisions\/8148"}],"wp:featuredmedia":[{"embeddable":true,"href":"https:\/\/www.sc-essingen.de\/index.php?rest_route=\/wp\/v2\/media\/8118"}],"wp:attachment":[{"href":"https:\/\/www.sc-essingen.de\/index.php?rest_route=%2Fwp%2Fv2%2Fmedia&parent=8050"}],"wp:term":[{"taxonomy":"category","embeddable":true,"href":"https:\/\/www.sc-essingen.de\/index.php?rest_route=%2Fwp%2Fv2%2Fcategories&post=8050"},{"taxonomy":"post_tag","embeddable":true,"href":"https:\/\/www.sc-essingen.de\/index.php?rest_route=%2Fwp%2Fv2%2Ftags&post=8050"}],"curies":[{"name":"wp","href":"https:\/\/api.w.org\/{rel}","templated":true}]}}