{"id":8071,"date":"2025-10-21T13:38:26","date_gmt":"2025-10-21T11:38:26","guid":{"rendered":"https:\/\/www.sc-essingen.de\/?p=8071"},"modified":"2026-04-13T12:24:20","modified_gmt":"2026-04-13T10:24:20","slug":"ueberraschungsausfahrt-2026","status":"publish","type":"post","link":"https:\/\/www.sc-essingen.de\/?p=8071","title":{"rendered":"28. M\u00e4rz 2026 rocken wir das Montafon!"},"content":{"rendered":"\n<p><\/p>\n\n\n\n<hr class=\"wp-block-separator\"\/>\n\n\n\n<h2>Von der Piste zur Party <br><strong>Mit 3 Highlights: <\/strong>geniales Wintersportgebiet, Apr\u00e8s-Ski-Party mit Mickie Krause und f\u00fcr VfB-Fans: Legenden!<br><br> <strong>Achtung Abfahrt:<\/strong><br><strong>\ud83d\udd54 <span class=\"has-inline-color has-vivid-red-color\">05:00 Uhr \u2013 Essingen, Parkplatz Schranke , Schranke 23 unterhalb der Remshalle <\/span> <\/strong> <\/h2>\n\n\n\n<p>Es ist wieder soweit \u2013 der <strong>SC Essingen<\/strong> erobert das <strong>Silvretta Montafon<\/strong>! <\/p>\n\n\n\n<p>Lust auf einen unvergesslichen Tag voller Schnee, Spa\u00df und VfB-Feeling? Am Samstag, 28.03.2026, fahren wir gemeinsam in die Silvretta Montafon. Perfekt f\u00fcr Ski, Snowboard, Spazierg\u00e4nge oder pure Party! Neben traumhaften Bergen und Skifahren gibt es ein volles Programm. Ob auf Ski, Snowboard, mit Wanderschuhen oder als Partygast, hier findet jeder genau das Richtige! \u2744\ufe0f\u26f7\ufe0f\ud83c\udfd4\ufe0f <br><br>Thema im Montafon: <strong>Dirndl im Firn<\/strong>. Wer will kann seine Dracht zum Skifahren anziehen! <br><\/p>\n\n\n\n<p>\ud83d\udca5 <strong>Action auf der Piste<\/strong> \u2013 perfekt pr\u00e4parierte Abfahrten f\u00fcr alle Levels <strong>fahren bis 17:30 Uhr <\/strong><br>\ud83e\udd7e <strong>Winterwandern &amp; Natur genie\u00dfen<\/strong> \u2013 f\u00fcr alle, die es entspannter angehen<br>\ud83c\udfb6<strong> Nachmittags Apr\u00e8s-Ski mit Mickie Krause<\/strong> \u2013 singen, tanzen, feiern in Dirndl\/Lederhose (wer will, kein Muss!)<br>\u26bd <strong>VfB-Feeling pur \u2013 <\/strong>Legenden wie Timo Hildebrand &amp; Cacau, das Maskottchen Autogramme\/Fotos<br><\/p>\n\n\n\n<p><\/p>\n\n\n\n<figure class=\"wp-block-gallery columns-1 is-cropped\"><ul class=\"blocks-gallery-grid\"><li class=\"blocks-gallery-item\"><figure><img loading=\"lazy\" width=\"1024\" height=\"576\" src=\"https:\/\/www.sc-essingen.de\/neschp\/wp-content\/uploads\/2026\/01\/Mickie-Krause_Bella-Nova-2025.32ff70e0-1024x576.jpg\" alt=\"\" data-id=\"8271\" data-full-url=\"https:\/\/www.sc-essingen.de\/neschp\/wp-content\/uploads\/2026\/01\/Mickie-Krause_Bella-Nova-2025.32ff70e0.jpg\" data-link=\"https:\/\/www.sc-essingen.de\/?attachment_id=8271\" class=\"wp-image-8271\" srcset=\"https:\/\/www.sc-essingen.de\/neschp\/wp-content\/uploads\/2026\/01\/Mickie-Krause_Bella-Nova-2025.32ff70e0-1024x576.jpg 1024w, https:\/\/www.sc-essingen.de\/neschp\/wp-content\/uploads\/2026\/01\/Mickie-Krause_Bella-Nova-2025.32ff70e0-300x169.jpg 300w, https:\/\/www.sc-essingen.de\/neschp\/wp-content\/uploads\/2026\/01\/Mickie-Krause_Bella-Nova-2025.32ff70e0-150x84.jpg 150w, https:\/\/www.sc-essingen.de\/neschp\/wp-content\/uploads\/2026\/01\/Mickie-Krause_Bella-Nova-2025.32ff70e0-768x432.jpg 768w, https:\/\/www.sc-essingen.de\/neschp\/wp-content\/uploads\/2026\/01\/Mickie-Krause_Bella-Nova-2025.32ff70e0-1536x864.jpg 1536w, https:\/\/www.sc-essingen.de\/neschp\/wp-content\/uploads\/2026\/01\/Mickie-Krause_Bella-Nova-2025.32ff70e0-750x422.jpg 750w, https:\/\/www.sc-essingen.de\/neschp\/wp-content\/uploads\/2026\/01\/Mickie-Krause_Bella-Nova-2025.32ff70e0.jpg 1600w\" sizes=\"(max-width: 1024px) 100vw, 1024px\" \/><figcaption class=\"blocks-gallery-item__caption\"> Bild: <a href=\"https:\/\/www.silvretta-montafon.at\/de\/events-erlebnisse\/alle-events\/dirndl-im-firn-mit-mickie-krause_e_303713?gad_source=1&amp;gad_campaignid=23396516068&amp;gbraid=0AAAAADgZRVO_0VXtZKr4aGiQePGxw3Bzl&amp;gclid=Cj0KCQiAsY3LBhCwARIsAF6O6XgZDsvDvDAYndbN-j0ziXi9JLf32amefxg4940AVEc84BHIYisd16caAptPEALw_wcB\">Silvretta Montafon Dirndl im Firn mit Mickie Krause<\/a><\/figcaption><\/figure><\/li><\/ul><\/figure>\n\n\n\n<h1 id=\"toc-entry-target-0\">Dirndl im Firn mit Mickie Krause<\/h1>\n\n\n\n<p><strong>Bella Nova<\/strong> Bergstation Valisera Bahn<\/p>\n\n\n\n<p><\/p>\n\n\n\n<p><strong>\ud83d\udccd Programm-Highlights:<br>\ud83d\udd7a Warm-up mit verschiedenen DJs ab 11:00 Uhr bis 14:25 Uhr<br>\ud83c\udfa4  Mickie Krause von 14:30 bis 15:05 Uhr<br>\ud83c\udfa7 DJ-Set &amp; After-Party am Berg mit DJ Happy 15.15 Uhr bis 17:30 Uhr<br>\ud83c\udfa7 After-Party an der Talstation von 16:30 Uhr   <\/strong><br><br>\ud83d\udea0 <strong>Letzte Talfahrt um 17:30 Uhr<\/strong><br><br>F\u00fcr jeden was dabei: Skifahren, Boarden, H\u00fcttenstopps oder einfach mitfeiern.<br><br>Info: <a href=\"http:\/\/Dirndl im Firn\" data-type=\"URL\" data-id=\"http:\/\/Dirndl im Firn\">Dirndl im Firn<\/a><\/p>\n\n\n\n<p>\ud83d\udce2 <strong>Jetzt anmelden &amp; Teil der legend\u00e4ren Tour werden!<\/strong> \ud83d\ude80<\/p>\n\n\n\n<figure class=\"wp-block-gallery columns-1 is-cropped\"><ul class=\"blocks-gallery-grid\"><li class=\"blocks-gallery-item\"><figure><img loading=\"lazy\" width=\"1024\" height=\"700\" src=\"https:\/\/www.sc-essingen.de\/neschp\/wp-content\/uploads\/2026\/01\/DSC00827@2x.d977d06e-1024x700.webp\" alt=\"\" data-id=\"8272\" data-full-url=\"https:\/\/www.sc-essingen.de\/neschp\/wp-content\/uploads\/2026\/01\/DSC00827@2x.d977d06e.webp\" data-link=\"https:\/\/www.sc-essingen.de\/?attachment_id=8272\" class=\"wp-image-8272\" srcset=\"https:\/\/www.sc-essingen.de\/neschp\/wp-content\/uploads\/2026\/01\/DSC00827@2x.d977d06e-1024x700.webp 1024w, https:\/\/www.sc-essingen.de\/neschp\/wp-content\/uploads\/2026\/01\/DSC00827@2x.d977d06e-300x205.webp 300w, https:\/\/www.sc-essingen.de\/neschp\/wp-content\/uploads\/2026\/01\/DSC00827@2x.d977d06e-150x103.webp 150w, https:\/\/www.sc-essingen.de\/neschp\/wp-content\/uploads\/2026\/01\/DSC00827@2x.d977d06e-768x525.webp 768w, https:\/\/www.sc-essingen.de\/neschp\/wp-content\/uploads\/2026\/01\/DSC00827@2x.d977d06e-1536x1051.webp 1536w, https:\/\/www.sc-essingen.de\/neschp\/wp-content\/uploads\/2026\/01\/DSC00827@2x.d977d06e-750x513.webp 750w, https:\/\/www.sc-essingen.de\/neschp\/wp-content\/uploads\/2026\/01\/DSC00827@2x.d977d06e.webp 2000w\" sizes=\"(max-width: 1024px) 100vw, 1024px\" \/><figcaption class=\"blocks-gallery-item__caption\"> Bild: <a href=\"https:\/\/www.silvretta-montafon.at\/de\/events-erlebnisse\/alle-events\/dirndl-im-firn-mit-mickie-krause_e_303713?gad_source=1&amp;gad_campaignid=23396516068&amp;gbraid=0AAAAADgZRVO_0VXtZKr4aGiQePGxw3Bzl&amp;gclid=Cj0KCQiAsY3LBhCwARIsAF6O6XgZDsvDvDAYndbN-j0ziXi9JLf32amefxg4940AVEc84BHIYisd16caAptPEALw_wcB\">https:\/\/www.silvretta-montafon.at\/de\/events-erlebnisse\/alle-events\/vfb-skitage_e_389007<\/a><\/figcaption><\/figure><\/li><\/ul><\/figure>\n\n\n\n<h1 id=\"toc-entry-target-0\">VfB Skitage<\/h1>\n\n\n\n<p><\/p>\n\n\n\n<p><\/p>\n\n\n\n<p><strong><br><strong>Am Samstag, 28. M\u00e4rz<\/strong>, feiern VfB-Fans und VfB-Legenden gemeinsam auf Ski, bevor es am Nachmittag bei&nbsp;<strong><a href=\"https:\/\/www.silvretta-montafon.at\/de\/events-erlebnisse\/alle-events\/dirndl-im-firn-mit-mickie-krause_e_303713\">Dirndl im Firn<\/a><\/strong>&nbsp;zur ausgelassenen Apr\u00e8s-Ski-Party mit&nbsp;<strong>Mickie Krause<\/strong>&nbsp;geht. <\/strong>Rund um das Programm gibt es viele Gelegenheiten den VfB hautnah zu erleben, den Idolen nahe zu sein und das eine oder andere Autogramm oder Foto zu ergattern.<\/p>\n\n\n\n<p>Info: <a href=\"https:\/\/www.silvretta-montafon.at\/de\/events-erlebnisse\/alle-events\/vfb-skitage_e_389007\"> VfB Skitage <\/a><\/p>\n\n\n\n<p><\/p>\n\n\n\n<h2>Leistungen inklusive<\/h2>\n\n\n\n<p>\u2714\ufe0f Hin- &amp; R\u00fcckfahrt im komfortablen Reisebus<br>\u2714\ufe0f Tagesskipass Silvretta Montafon<br>\u2714\ufe0f Fu\u00dfg\u00e4nger-\/Wanderpass<br>\u2714\ufe0f Eintritt zur Apr\u00e8s-Ski-Party<br>\u2714\ufe0f Sektfr\u00fchst\u00fcck &amp; Brotzeit im Bus<br>\u2714\ufe0f Erfahrene Reiseleitung<\/p>\n\n\n\n<h3><strong>Reisedaten<\/strong><\/h3>\n\n\n\n<p><strong>Ziel:<\/strong> Skigebiet Silvretta Montafon<br><strong>Termin:<\/strong> Samstag, 28. M\u00e4rz 2026<\/p>\n\n\n\n<p><strong>Abfahrt:<\/strong><br><strong>\ud83d\udd54 <span class=\"has-inline-color has-vivid-red-color\">05:00 Uhr \u2013 Essingen, Parkplatz Schranke  Schranke 23<\/span> <\/strong><br>\ud83d\udd54 05:20 Uhr \u2013 Ebnat, Jurahalle<br>\ud83d\udd54 05:35 Uhr \u2013 Nattheim, Park &amp; Ride<\/p>\n\n\n\n<p><strong>R\u00fcckfahrt:<\/strong> ca. <strong>18:00 Uhr<\/strong><\/p>\n\n\n\n<p><strong>Bitte Einstiegsstelle bei der Anmeldung angeben.<br>Alle, die in Nattheim einsteigen, bitte w\u00e4hlt Essingen und schreibt in Bemerkung Nattheim.<\/strong><br><br><\/p>\n\n\n\n<p><\/p>\n\n\n\n<h3><strong>Kosten<\/strong><\/h3>\n\n\n\n<p><strong>Mit Skipass:<\/strong><\/p>\n\n\n\n<ul><li>Erwachsene: <strong>95,00 \u20ac<\/strong><\/li><li>Kinder (2006 und j\u00fcnger): <strong>75,00 \u20ac<\/strong><\/li><\/ul>\n\n\n\n<p><strong>Mit Fu\u00dfg\u00e4ngerpass:<\/strong><\/p>\n\n\n\n<ul><li>Erwachsene: <strong>75,00 \u20ac<\/strong><\/li><li>Kinder (2006 und j\u00fcnger): <strong>55,00 \u20ac<\/strong><\/li><\/ul>\n\n\n\n<p>\ud83c\udfaf <strong>Nicht-Mitglieder Aufpreis je 5 \u20ac !<\/strong><\/p>\n\n\n\n<blockquote class=\"wp-block-quote\"><p>Bitte bei der Anmeldung im Feld \u201e<strong>Bemerkung\u201c<\/strong> euren Kartenwunsch angeben. <\/p><\/blockquote>\n\n\n\n<h2><strong>Jetzt anmelden &amp; dabei sein!<\/strong><\/h2>\n\n\n\n<h2>Wer noch mit will bitte anmelden. Vielen Dank! <br> <\/h2>\n\n\n\n<p><strong>Wir rocken das Montafon!<\/strong> \ud83c\udfbf\ud83c\udf89\u26bd<\/p>\n\n\n<p><form action=\"https:\/\/www.sc-essingen.de\/?page_id=168\" method=\"post\"><input type=\"hidden\" name=\"post_veranstaltung_id\" value=\"122\" \/><input id=\"input\" type=\"submit\" value=\"Anmeldung\" \/>  Wir rocken das Montafon<\/form>\n\n\n\n<h3><strong>Bei Fragen:<\/strong><\/h3>\n\n\n\n<p>Nadine Abele<\/p>\n\n\n\n<p>01712007424<br>nadine.abele@sc-essingen.de<br><br><\/p>\n\n\n\n<figure class=\"wp-block-gallery columns-1 is-cropped\"><ul class=\"blocks-gallery-grid\"><li class=\"blocks-gallery-item\"><figure><img loading=\"lazy\" width=\"961\" height=\"616\" src=\"https:\/\/www.sc-essingen.de\/neschp\/wp-content\/uploads\/2026\/01\/Screenshot-2026-01-11-155135-3.png\" alt=\"\" data-id=\"8279\" data-full-url=\"https:\/\/www.sc-essingen.de\/neschp\/wp-content\/uploads\/2026\/01\/Screenshot-2026-01-11-155135-3.png\" data-link=\"https:\/\/www.sc-essingen.de\/?attachment_id=8279\" class=\"wp-image-8279\" srcset=\"https:\/\/www.sc-essingen.de\/neschp\/wp-content\/uploads\/2026\/01\/Screenshot-2026-01-11-155135-3.png 961w, https:\/\/www.sc-essingen.de\/neschp\/wp-content\/uploads\/2026\/01\/Screenshot-2026-01-11-155135-3-300x192.png 300w, https:\/\/www.sc-essingen.de\/neschp\/wp-content\/uploads\/2026\/01\/Screenshot-2026-01-11-155135-3-150x96.png 150w, https:\/\/www.sc-essingen.de\/neschp\/wp-content\/uploads\/2026\/01\/Screenshot-2026-01-11-155135-3-768x492.png 768w, https:\/\/www.sc-essingen.de\/neschp\/wp-content\/uploads\/2026\/01\/Screenshot-2026-01-11-155135-3-750x481.png 750w\" sizes=\"(max-width: 961px) 100vw, 961px\" \/><figcaption class=\"blocks-gallery-item__caption\"> Bild: <a href=\"https:\/\/www.silvretta-montafon.at\/de\/events-erlebnisse\/alle-events\/dirndl-im-firn-mit-mickie-krause_e_303713?gad_source=1&amp;gad_campaignid=23396516068&amp;gbraid=0AAAAADgZRVO_0VXtZKr4aGiQePGxw3Bzl&amp;gclid=Cj0KCQiAsY3LBhCwARIsAF6O6XgZDsvDvDAYndbN-j0ziXi9JLf32amefxg4940AVEc84BHIYisd16caAptPEALw_wcB\">Silvretta Montafon Dirndl im Firn mit Mickie Krause<\/a><\/figcaption><\/figure><\/li><\/ul><\/figure>\n","protected":false},"excerpt":{"rendered":"<p>Von der Piste zur Party Mit 3 Highlights: geniales Wintersportgebiet, Apr\u00e8s-Ski-Party mit Mickie Krause und f\u00fcr VfB-Fans: Legenden! Achtung Abfahrt:\ud83d\udd54 05:00 Uhr \u2013 Essingen, Parkplatz Schranke , Schranke 23 unterhalb der Remshalle Es ist wieder soweit \u2013 der SC Essingen erobert das Silvretta Montafon! Lust auf einen unvergesslichen Tag voller Schnee, Spa\u00df und VfB-Feeling? Am [&hellip;]<\/p>\n","protected":false},"author":30,"featured_media":8276,"comment_status":"closed","ping_status":"closed","sticky":false,"template":"","format":"standard","meta":[],"categories":[4,13],"tags":[],"_links":{"self":[{"href":"https:\/\/www.sc-essingen.de\/index.php?rest_route=\/wp\/v2\/posts\/8071"}],"collection":[{"href":"https:\/\/www.sc-essingen.de\/index.php?rest_route=\/wp\/v2\/posts"}],"about":[{"href":"https:\/\/www.sc-essingen.de\/index.php?rest_route=\/wp\/v2\/types\/post"}],"author":[{"embeddable":true,"href":"https:\/\/www.sc-essingen.de\/index.php?rest_route=\/wp\/v2\/users\/30"}],"replies":[{"embeddable":true,"href":"https:\/\/www.sc-essingen.de\/index.php?rest_route=%2Fwp%2Fv2%2Fcomments&post=8071"}],"version-history":[{"count":19,"href":"https:\/\/www.sc-essingen.de\/index.php?rest_route=\/wp\/v2\/posts\/8071\/revisions"}],"predecessor-version":[{"id":8445,"href":"https:\/\/www.sc-essingen.de\/index.php?rest_route=\/wp\/v2\/posts\/8071\/revisions\/8445"}],"wp:featuredmedia":[{"embeddable":true,"href":"https:\/\/www.sc-essingen.de\/index.php?rest_route=\/wp\/v2\/media\/8276"}],"wp:attachment":[{"href":"https:\/\/www.sc-essingen.de\/index.php?rest_route=%2Fwp%2Fv2%2Fmedia&parent=8071"}],"wp:term":[{"taxonomy":"category","embeddable":true,"href":"https:\/\/www.sc-essingen.de\/index.php?rest_route=%2Fwp%2Fv2%2Fcategories&post=8071"},{"taxonomy":"post_tag","embeddable":true,"href":"https:\/\/www.sc-essingen.de\/index.php?rest_route=%2Fwp%2Fv2%2Ftags&post=8071"}],"curies":[{"name":"wp","href":"https:\/\/api.w.org\/{rel}","templated":true}]}}